{"id":137658,"date":"2026-01-13T22:41:26","date_gmt":"2026-01-14T03:41:26","guid":{"rendered":"https:\/\/formalprision.com\/?p=137658"},"modified":"2026-01-13T22:41:26","modified_gmt":"2026-01-14T03:41:26","slug":"fallece-detenido-en-la-carcel-municipal-de-ticul","status":"publish","type":"post","link":"https:\/\/formalprision.com\/?p=137658","title":{"rendered":"Fallece detenido en la c\u00e1rcel municipal de Ticul"},"content":{"rendered":"\n<p>Un hombre identificado como Armando Campos muri\u00f3 en una celda de la c\u00e1rcel municipal de Ticul, en un hecho ocurrido durante las \u00faltimas horas, y que ya es investigado por la Fiscal\u00eda General del Estado de Yucat\u00e1n.<\/p>\n\n\n\n<p>De acuerdo con informaci\u00f3n oficial del Ayuntamiento, la muerte ocurri\u00f3 presuntamente tras quitarse la vida con una de sus prendas, hecho que fue detectado durante un rond\u00edn de vigilancia. El alcalde Alberto Parra inform\u00f3 que desde el primer momento avis\u00f3 a las autoridades competentes y hay colaboraci\u00f3n para el esclarecimiento del caso.<\/p>\n","protected":false},"excerpt":{"rendered":"<p>Un hombre identificado como Armando Campos muri\u00f3 en una celda de la c\u00e1rcel municipal de Ticul, en un hecho ocurrido durante las \u00faltimas horas, y que ya es investigado por<\/p>\n","protected":false},"author":2,"featured_media":137660,"comment_status":"open","ping_status":"open","sticky":false,"template":"","format":"standard","meta":{"jetpack_post_was_ever_published":false,"_jetpack_newsletter_access":"","_jetpack_dont_email_post_to_subs":false,"_jetpack_newsletter_tier_id":0,"_jetpack_memberships_contains_paywalled_content":false,"_jetpack_memberships_contains_paid_content":false,"footnotes":"","jetpack_publicize_message":"","jetpack_publicize_feature_enabled":true,"jetpack_social_post_already_shared":true,"jetpack_social_options":{"image_generator_settings":{"template":"highway","default_image_id":0,"font":"","enabled":false},"version":2}},"categories":[54],"tags":[],"class_list":["post-137658","post","type-post","status-publish","format-standard","has-post-thumbnail","hentry","category-yucatan"],"jetpack_publicize_connections":[],"jetpack_featured_media_url":"https:\/\/formalprision.com\/wp-content\/uploads\/2026\/01\/ic8ul.jpg","jetpack_sharing_enabled":true,"jetpack_shortlink":"https:\/\/wp.me\/p6id8p-zOi","_links":{"self":[{"href":"https:\/\/formalprision.com\/index.php?rest_route=\/wp\/v2\/posts\/137658","targetHints":{"allow":["GET"]}}],"collection":[{"href":"https:\/\/formalprision.com\/index.php?rest_route=\/wp\/v2\/posts"}],"about":[{"href":"https:\/\/formalprision.com\/index.php?rest_route=\/wp\/v2\/types\/post"}],"author":[{"embeddable":true,"href":"https:\/\/formalprision.com\/index.php?rest_route=\/wp\/v2\/users\/2"}],"replies":[{"embeddable":true,"href":"https:\/\/formalprision.com\/index.php?rest_route=%2Fwp%2Fv2%2Fcomments&post=137658"}],"version-history":[{"count":1,"href":"https:\/\/formalprision.com\/index.php?rest_route=\/wp\/v2\/posts\/137658\/revisions"}],"predecessor-version":[{"id":137659,"href":"https:\/\/formalprision.com\/index.php?rest_route=\/wp\/v2\/posts\/137658\/revisions\/137659"}],"wp:featuredmedia":[{"embeddable":true,"href":"https:\/\/formalprision.com\/index.php?rest_route=\/wp\/v2\/media\/137660"}],"wp:attachment":[{"href":"https:\/\/formalprision.com\/index.php?rest_route=%2Fwp%2Fv2%2Fmedia&parent=137658"}],"wp:term":[{"taxonomy":"category","embeddable":true,"href":"https:\/\/formalprision.com\/index.php?rest_route=%2Fwp%2Fv2%2Fcategories&post=137658"},{"taxonomy":"post_tag","embeddable":true,"href":"https:\/\/formalprision.com\/index.php?rest_route=%2Fwp%2Fv2%2Ftags&post=137658"}],"curies":[{"name":"wp","href":"https:\/\/api.w.org\/{rel}","templated":true}]}}