{"id":137690,"date":"2026-01-15T14:09:27","date_gmt":"2026-01-15T19:09:27","guid":{"rendered":"https:\/\/formalprision.com\/?p=137690"},"modified":"2026-01-15T23:05:41","modified_gmt":"2026-01-16T04:05:41","slug":"merida-aumenta-su-acervo-artistico-y-patrimonio-cultural-con-la-coleccion-macay","status":"publish","type":"post","link":"https:\/\/formalprision.com\/?p=137690","title":{"rendered":"M\u00e9rida aumenta su acervo art\u00edstico y patrimonio cultural con la Colecci\u00f3n MACAY"},"content":{"rendered":"\n<p>M\u00c9RIDA, Yucat\u00e1n.- La presidenta municipal Cecilia Patr\u00f3n Laviada firm\u00f3 un convenio con la Fundaci\u00f3n Cultural MACAY para recibir en donaci\u00f3n una parte importante de su acervo art\u00edstico, con lo que se enriquece el patrimonio cultural de la ciudad de M\u00e9rida.<\/p>\n\n\n\n<p>De esta manera, el Museo de la Ciudad de M\u00e9rida es ahora guardi\u00e1n de un tercio del valioso acervo que el MACAY ha resguardado durante 31 a\u00f1os.<\/p>\n\n\n\n<p>\u201cM\u00e9rida es distinta y distinguible por lo que hacemos en comunidad, pero sobre todo porque es una ciudad que vive el arte y la cultura todos los d\u00edas. Estas obras destacan a sus creadores locales y nacionales, cuya trayectoria conforman una memoria viva del patrimonio art\u00edstico y un legado para las generaciones futuras\u201d, expres\u00f3 la alcaldesa.<\/p>\n\n\n\n<p>Durante el evento, la se\u00f1ora Elba Garc\u00eda Villarreal, presidenta de la Fundaci\u00f3n Cultural MACAY, record\u00f3 que el acervo se integra por un total de 905 obras y fue dividido entre tres instituciones de Yucat\u00e1n.<\/p>\n\n\n\n<p>Asimismo agradeci\u00f3 al Ayuntamiento la oportunidad de reabrir al p\u00fablico la exposici\u00f3n, \u00abun reencuentro con nuestra memoria art\u00edstica\u201d e hizo una invitaci\u00f3n a la ciudadan\u00eda a seguir construyendo cultura juntas y juntos.<\/p>\n\n\n\n<p>En su mensaje Karla Berr\u00f3n C\u00e1mara, directora de Identidad y Cultura, destac\u00f3 que la donaci\u00f3n de 282 piezas de dibujo, pintura, gr\u00e1fica, fotograf\u00eda y escultura de 103 artistas locales y nacionales ser\u00e1 una oportunidad para conocer, investigar y profundizar sobre el desarrollo de la escena art\u00edstica local de quienes han dejado huella en ella.<\/p>\n\n\n\n<p>\u00abCon esta acci\u00f3n, el municipio adquiere el compromiso de su salvaguarda legal, conservaci\u00f3n, difusi\u00f3n y exposici\u00f3n y nos convierte en guardianes de una parte hist\u00f3rica en las artes pl\u00e1sticas en Yucat\u00e1n\u00bb, expres\u00f3.<\/p>\n\n\n\n<p>La \u00abColecci\u00f3n MACAY\u00bb expone una selecci\u00f3n de 90 obras de 73 artistas y ocupa el primer piso y Galer\u00eda 1 del museo. Las obras permiten reconocer las rutas est\u00e9ticas que han definido la producci\u00f3n art\u00edstica del estado en las \u00faltimas tres d\u00e9cadas.<\/p>\n\n\n\n<p>Se pueden disfrutar obras de figuras como Manuel Lizama, V\u00edctor Arg\u00e1ez, con la persistencia del costumbrismo y el arte regional; Ermilo Torre Gamboa, Georgia Charuhas, Samuel Barrera, Alonso Guti\u00e9rrez y Gabriel Ram\u00edrez, con trabajos que transitan en el arte a partir del medio ambiente, la vida, el humor, hasta el surrealismo y la figuraci\u00f3n fant\u00e1stica.<\/p>\n\n\n\n<p>La exposici\u00f3n permanecer\u00e1 abierta por tres meses. El horario de visita es de martes a viernes, de 9:00 a.m. a 6:00 p.m., y s\u00e1bados y domingos, de 9:00 a.m. a 2:00 p.m.<br>El acceso es libre. La actividad se enmarca en las actividades del M\u00e9rida Fest 2026.<\/p>\n\n\n\n<p>El programa del no los festejos de aniversario de la ciudad se puede consultar en merida.gob.mx\/meridafest<\/p>\n","protected":false},"excerpt":{"rendered":"<p>M\u00c9RIDA, Yucat\u00e1n.- La presidenta municipal Cecilia Patr\u00f3n Laviada firm\u00f3 un convenio con la Fundaci\u00f3n Cultural MACAY para recibir en donaci\u00f3n una parte importante de su acervo art\u00edstico, con lo que<\/p>\n","protected":false},"author":2,"featured_media":137692,"comment_status":"open","ping_status":"open","sticky":false,"template":"","format":"standard","meta":{"jetpack_post_was_ever_published":false,"_jetpack_newsletter_access":"","_jetpack_dont_email_post_to_subs":false,"_jetpack_newsletter_tier_id":0,"_jetpack_memberships_contains_paywalled_content":false,"_jetpack_memberships_contains_paid_content":false,"footnotes":"","jetpack_publicize_message":"","jetpack_publicize_feature_enabled":true,"jetpack_social_post_already_shared":true,"jetpack_social_options":{"image_generator_settings":{"template":"highway","default_image_id":0,"font":"","enabled":false},"version":2}},"categories":[54],"tags":[],"class_list":["post-137690","post","type-post","status-publish","format-standard","has-post-thumbnail","hentry","category-yucatan"],"jetpack_publicize_connections":[],"jetpack_featured_media_url":"https:\/\/formalprision.com\/wp-content\/uploads\/2026\/01\/WhatsApp-Image-2026-01-15-at-12.48.37-PM.jpeg","jetpack_sharing_enabled":true,"jetpack_shortlink":"https:\/\/wp.me\/p6id8p-zOO","_links":{"self":[{"href":"https:\/\/formalprision.com\/index.php?rest_route=\/wp\/v2\/posts\/137690","targetHints":{"allow":["GET"]}}],"collection":[{"href":"https:\/\/formalprision.com\/index.php?rest_route=\/wp\/v2\/posts"}],"about":[{"href":"https:\/\/formalprision.com\/index.php?rest_route=\/wp\/v2\/types\/post"}],"author":[{"embeddable":true,"href":"https:\/\/formalprision.com\/index.php?rest_route=\/wp\/v2\/users\/2"}],"replies":[{"embeddable":true,"href":"https:\/\/formalprision.com\/index.php?rest_route=%2Fwp%2Fv2%2Fcomments&post=137690"}],"version-history":[{"count":1,"href":"https:\/\/formalprision.com\/index.php?rest_route=\/wp\/v2\/posts\/137690\/revisions"}],"predecessor-version":[{"id":137691,"href":"https:\/\/formalprision.com\/index.php?rest_route=\/wp\/v2\/posts\/137690\/revisions\/137691"}],"wp:featuredmedia":[{"embeddable":true,"href":"https:\/\/formalprision.com\/index.php?rest_route=\/wp\/v2\/media\/137692"}],"wp:attachment":[{"href":"https:\/\/formalprision.com\/index.php?rest_route=%2Fwp%2Fv2%2Fmedia&parent=137690"}],"wp:term":[{"taxonomy":"category","embeddable":true,"href":"https:\/\/formalprision.com\/index.php?rest_route=%2Fwp%2Fv2%2Fcategories&post=137690"},{"taxonomy":"post_tag","embeddable":true,"href":"https:\/\/formalprision.com\/index.php?rest_route=%2Fwp%2Fv2%2Ftags&post=137690"}],"curies":[{"name":"wp","href":"https:\/\/api.w.org\/{rel}","templated":true}]}}