{"id":137696,"date":"2026-01-15T20:57:43","date_gmt":"2026-01-16T01:57:43","guid":{"rendered":"https:\/\/formalprision.com\/?p=137696"},"modified":"2026-01-15T23:11:29","modified_gmt":"2026-01-16T04:11:29","slug":"merida-pionera-en-la-lucha-contra-la-violencia-de-genero-cecilia-patron","status":"publish","type":"post","link":"https:\/\/formalprision.com\/?p=137696","title":{"rendered":"M\u00e9rida pionera en la lucha contra la violencia de g\u00e9nero: Cecilia Patr\u00f3n"},"content":{"rendered":"\n<p>M\u00c9RIDA, Yucat\u00e1n.- M\u00e1s de 30 profesionales concluyeron de manera exitosa su formaci\u00f3n en el diplomado \u201cRaquel Dzib Cicero\u201d para la atenci\u00f3n a las violencias de g\u00e9nero contra mujeres, ni\u00f1as y adolescentes, lo que permitir\u00e1 contar en el municipio con personas preparadas para atender esas situaciones, afirm\u00f3 la presidenta municipal Cecilia Patr\u00f3n durante la entrega de certificados.<\/p>\n\n\n\n<p>\u201cComo gobierno, llevamos m\u00e1s de un a\u00f1o emprendiendo acciones a favor de las mujeres, en su seguridad y fortalecimiento. Gracias a los 36 participantes de este diplomado por decidir desde la conciencia, y prepararse para brindar una mejor atenci\u00f3n. Por no quedarse de brazos cruzados ante la violencia y la huella que muchas veces deja\u201d, puntualiz\u00f3 la alcaldesa.<\/p>\n\n\n\n<p>Este diplomado fue resultado del trabajo conjunto entre el Ayuntamiento de M\u00e9rida, a trav\u00e9s del Instituto de las Mujeres, en colaboraci\u00f3n con la asociaci\u00f3n civil \u201cApis Sureste: Fundaci\u00f3n para la Equidad\u201d, la Comisi\u00f3n de Derechos Humanos del Estado de Yucat\u00e1n y la Universidad Aut\u00f3noma de Yucat\u00e1n, a quienes la mun\u00edcipe agradeci\u00f3 por formar est\u00e1s alianzas en favor de una sociedad de paz y libre de violencias.<\/p>\n\n\n\n<p>Para la primera edil esta suma de voluntades cobra importancia al fortalecer la formaci\u00f3n de profesionistas que atienden violencias de g\u00e9nero, ante la falta de actualizaci\u00f3n especializada y la alta rotaci\u00f3n de personal en servicios de atenci\u00f3n, factores que pueden derivar en pr\u00e1cticas deficientes, revictimizaci\u00f3n y desgaste profesional.<\/p>\n\n\n\n<p>\u201cLa sociedad avanza cuando se apoya mutuamente, cuando la gente conf\u00eda y recibe esa misma confianza de vuelta en una mano solidaria; creo en la M\u00e9rida que somos cuando, como mujeres, nos sostenemos entre nosotras\u201d, agreg\u00f3 Cecilia Patr\u00f3n.<\/p>\n\n\n\n<p>Con la conclusi\u00f3n de este diplomado, el Ayuntamiento de M\u00e9rida refrenda su compromiso de seguir impulsando acciones que fortalezcan la atenci\u00f3n profesional, digna y especializada de las violencias de g\u00e9nero, contribuyendo a la construcci\u00f3n de una ciudad m\u00e1s justa, segura e igualitaria para las mujeres, ni\u00f1as y adolescentes.<\/p>\n\n\n\n<p>\u201cCuentan conmigo, Cecilia, como su m\u00e1s grande aliada. Cuentan con este Ayuntamiento que las seguir\u00e1 impulsando y acompa\u00f1ando a todas y todos\u201d, finaliz\u00f3 Patr\u00f3n Laviada.<\/p>\n\n\n\n<p>Este primer diplomado fue completamente gratuito y estuvo alineado con lo establecido en la Ley de Acceso de las Mujeres a una Vida Libre de Violencias del Estado de Yucat\u00e1n y cont\u00f3 con la participaci\u00f3n de profesionistas y estudiantes comprometidas y comprometidos con la atenci\u00f3n integral de las violencias desde un enfoque multidisciplinario, que se desenvuelven en \u00e1reas como Trabajo Social, Psicolog\u00eda, Derecho y Pedagog\u00eda.<\/p>\n\n\n\n<p>Como actividad de su profesionalizaci\u00f3n las personas participantes desarrollaron proyectos de an\u00e1lisis de casos sobre violencias de g\u00e9nero, aplicando un enfoque integral y multidisciplinario a diversas poblaciones. Las propuestas incorporan la perspectiva de g\u00e9nero, los derechos humanos y la interseccionalidad, planteando rutas de atenci\u00f3n orientadas a la seguridad, el acceso a la justicia y la recuperaci\u00f3n psicosocial, as\u00ed como al cuidado \u00e9tico y autocuidado de los equipos interdisciplinarios.<\/p>\n\n\n\n<p>Los resultados del diplomado reflejan un impacto positivo tanto en la formaci\u00f3n acad\u00e9mica como en el fortalecimiento del trabajo multidisciplinario, evidenciado en la calidad de los proyectos finales y en la retroalimentaci\u00f3n favorable de las personas participantes.<\/p>\n\n\n\n<p>\u201cA ustedes, nuestra primera generaci\u00f3n: Su trato, sus palabras y sus acciones pueden ser la diferencia entre el silencio y la denuncia, entre el miedo y la protecci\u00f3n, entre la resignaci\u00f3n y la posibilidad de una vida libre de violencias\u201d, mencion\u00f3 la Maestra Yahayra Centro Ceballos, directora del Instituto de las Mujeres.<\/p>\n\n\n\n<p>Cabe destacar que el Ayuntamiento de M\u00e9rida impulsa diferentes acciones que consolidan pol\u00edticas p\u00fablicas a favor de las mujeres, como parte de ello como un hito hist\u00f3rico, se contar\u00e1 con el Primer Refugio para Mujeres en Situaci\u00f3n de Calle y con Problemas de Adicciones en M\u00e9rida, que brindar\u00e1 atenci\u00f3n a 32 mujeres que ya no estar\u00e1n solas.<\/p>\n\n\n\n<p>Acompa\u00f1aron a la alcaldesa Carlos Alberto Estrada Pinto, rector de la Universidad Aut\u00f3noma de Yucat\u00e1n; Grety Rub\u00ed Cer\u00f3n Llanes, secretaria ejecutiva de la Comisi\u00f3n de Derechos Humanos de Yucat\u00e1n; Leticia Mur\u00faa Beltr\u00e1n Arag\u00f3n, directora general de Apis Sureste, Fundaci\u00f3n para la Equidad A.C.<\/p>\n\n\n\n<p>Tambi\u00e9n la diputada Zacil M\u00e9ndez Hern\u00e1ndez y la coordinadora general de Justicia Social y Desarrollo Humano del Ayuntamiento de M\u00e9rida, Flora Zapata Mendiolea.<\/p>\n","protected":false},"excerpt":{"rendered":"<p>M\u00c9RIDA, Yucat\u00e1n.- M\u00e1s de 30 profesionales concluyeron de manera exitosa su formaci\u00f3n en el diplomado \u201cRaquel Dzib Cicero\u201d para la atenci\u00f3n a las violencias de g\u00e9nero contra mujeres, ni\u00f1as y<\/p>\n","protected":false},"author":2,"featured_media":137698,"comment_status":"open","ping_status":"open","sticky":false,"template":"","format":"standard","meta":{"jetpack_post_was_ever_published":false,"_jetpack_newsletter_access":"","_jetpack_dont_email_post_to_subs":false,"_jetpack_newsletter_tier_id":0,"_jetpack_memberships_contains_paywalled_content":false,"_jetpack_memberships_contains_paid_content":false,"footnotes":"","jetpack_publicize_message":"","jetpack_publicize_feature_enabled":true,"jetpack_social_post_already_shared":true,"jetpack_social_options":{"image_generator_settings":{"template":"highway","default_image_id":0,"font":"","enabled":false},"version":2}},"categories":[54],"tags":[],"class_list":["post-137696","post","type-post","status-publish","format-standard","has-post-thumbnail","hentry","category-yucatan"],"jetpack_publicize_connections":[],"jetpack_featured_media_url":"https:\/\/formalprision.com\/wp-content\/uploads\/2026\/01\/WhatsApp-Image-2026-01-15-at-7.38.51-PM.jpeg","jetpack_sharing_enabled":true,"jetpack_shortlink":"https:\/\/wp.me\/p6id8p-zOU","_links":{"self":[{"href":"https:\/\/formalprision.com\/index.php?rest_route=\/wp\/v2\/posts\/137696","targetHints":{"allow":["GET"]}}],"collection":[{"href":"https:\/\/formalprision.com\/index.php?rest_route=\/wp\/v2\/posts"}],"about":[{"href":"https:\/\/formalprision.com\/index.php?rest_route=\/wp\/v2\/types\/post"}],"author":[{"embeddable":true,"href":"https:\/\/formalprision.com\/index.php?rest_route=\/wp\/v2\/users\/2"}],"replies":[{"embeddable":true,"href":"https:\/\/formalprision.com\/index.php?rest_route=%2Fwp%2Fv2%2Fcomments&post=137696"}],"version-history":[{"count":2,"href":"https:\/\/formalprision.com\/index.php?rest_route=\/wp\/v2\/posts\/137696\/revisions"}],"predecessor-version":[{"id":137699,"href":"https:\/\/formalprision.com\/index.php?rest_route=\/wp\/v2\/posts\/137696\/revisions\/137699"}],"wp:featuredmedia":[{"embeddable":true,"href":"https:\/\/formalprision.com\/index.php?rest_route=\/wp\/v2\/media\/137698"}],"wp:attachment":[{"href":"https:\/\/formalprision.com\/index.php?rest_route=%2Fwp%2Fv2%2Fmedia&parent=137696"}],"wp:term":[{"taxonomy":"category","embeddable":true,"href":"https:\/\/formalprision.com\/index.php?rest_route=%2Fwp%2Fv2%2Fcategories&post=137696"},{"taxonomy":"post_tag","embeddable":true,"href":"https:\/\/formalprision.com\/index.php?rest_route=%2Fwp%2Fv2%2Ftags&post=137696"}],"curies":[{"name":"wp","href":"https:\/\/api.w.org\/{rel}","templated":true}]}}