{"id":137716,"date":"2026-01-16T10:38:34","date_gmt":"2026-01-16T15:38:34","guid":{"rendered":"https:\/\/formalprision.com\/?p=137716"},"modified":"2026-01-17T00:08:58","modified_gmt":"2026-01-17T05:08:58","slug":"avanza-obra-estrategica-del-puerto-de-altura-de-progreso","status":"publish","type":"post","link":"https:\/\/formalprision.com\/?p=137716","title":{"rendered":"Avanza obra estrat\u00e9gica del Puerto de Altura de Progreso\u00a0"},"content":{"rendered":"\n<p>M\u00e9rida, Yucat\u00e1n, a 16 de enero de 2026<br>El Gobernador Joaqu\u00edn D\u00edaz Mena sostuvo una reuni\u00f3n con autoridades de la Administraci\u00f3n del Sistema Portuario Nacional (Asipona) y de la Secretar\u00eda de Marina, con el objetivo de revisar detalladamente los avances en la ampliaci\u00f3n y modernizaci\u00f3n del Puerto de Altura de Progreso.<br>&nbsp;<br>Durante el encuentro se inform\u00f3 que la primera etapa del proyecto presenta un avance del 74%, lo que confirma el progreso sostenido de una obra estrat\u00e9gica para impulsar el desarrollo econ\u00f3mico y fortalecer la competitividad de Yucat\u00e1n.<br>&nbsp;<br>El mandatario estatal reconoci\u00f3 el trabajo coordinado con la Asipona y la Marina para la realizaci\u00f3n de este proyecto, que traer\u00e1 importantes beneficios al estado al propiciar la llegada de nuevas inversiones y generar un crecimiento econ\u00f3mico sostenido en la regi\u00f3n.<br>&nbsp;<br>Durante esta reuni\u00f3n se presentaron datos actualizados sobre el avance del dragado y el volumen alcanzado como parte del proyecto Renacimiento Maya, destacando la importancia de esta gran obra para el desarrollo portuario y econ\u00f3mico de la regi\u00f3n.<br>&nbsp;<br>En su turno, el director general de la Asipona de Progreso, Jorge Carlos Tobilla Rodr\u00edguez, present\u00f3 un informe de los avances que tiene dicha obra, la cual busca aumentar la capacidad log\u00edstica y tur\u00edstica del puerto, permitiendo la llegada de barcos de mayor calado y volumen.<br>&nbsp;<\/p>\n","protected":false},"excerpt":{"rendered":"<p>M\u00e9rida, Yucat\u00e1n, a 16 de enero de 2026El Gobernador Joaqu\u00edn D\u00edaz Mena sostuvo una reuni\u00f3n con autoridades de la Administraci\u00f3n del Sistema Portuario Nacional (Asipona) y de la Secretar\u00eda de<\/p>\n","protected":false},"author":1,"featured_media":137717,"comment_status":"open","ping_status":"open","sticky":false,"template":"","format":"standard","meta":{"jetpack_post_was_ever_published":false,"_jetpack_newsletter_access":"","_jetpack_dont_email_post_to_subs":false,"_jetpack_newsletter_tier_id":0,"_jetpack_memberships_contains_paywalled_content":false,"_jetpack_memberships_contains_paid_content":false,"footnotes":"","jetpack_publicize_message":"","jetpack_publicize_feature_enabled":true,"jetpack_social_post_already_shared":true,"jetpack_social_options":{"image_generator_settings":{"template":"highway","default_image_id":0,"font":"","enabled":false},"version":2}},"categories":[14],"tags":[],"class_list":["post-137716","post","type-post","status-publish","format-standard","has-post-thumbnail","hentry","category-merida"],"jetpack_publicize_connections":[],"jetpack_featured_media_url":"https:\/\/formalprision.com\/wp-content\/uploads\/2026\/01\/IMG-20260116-WA0038.jpg","jetpack_sharing_enabled":true,"jetpack_shortlink":"https:\/\/wp.me\/p6id8p-zPe","_links":{"self":[{"href":"https:\/\/formalprision.com\/index.php?rest_route=\/wp\/v2\/posts\/137716","targetHints":{"allow":["GET"]}}],"collection":[{"href":"https:\/\/formalprision.com\/index.php?rest_route=\/wp\/v2\/posts"}],"about":[{"href":"https:\/\/formalprision.com\/index.php?rest_route=\/wp\/v2\/types\/post"}],"author":[{"embeddable":true,"href":"https:\/\/formalprision.com\/index.php?rest_route=\/wp\/v2\/users\/1"}],"replies":[{"embeddable":true,"href":"https:\/\/formalprision.com\/index.php?rest_route=%2Fwp%2Fv2%2Fcomments&post=137716"}],"version-history":[{"count":1,"href":"https:\/\/formalprision.com\/index.php?rest_route=\/wp\/v2\/posts\/137716\/revisions"}],"predecessor-version":[{"id":137718,"href":"https:\/\/formalprision.com\/index.php?rest_route=\/wp\/v2\/posts\/137716\/revisions\/137718"}],"wp:featuredmedia":[{"embeddable":true,"href":"https:\/\/formalprision.com\/index.php?rest_route=\/wp\/v2\/media\/137717"}],"wp:attachment":[{"href":"https:\/\/formalprision.com\/index.php?rest_route=%2Fwp%2Fv2%2Fmedia&parent=137716"}],"wp:term":[{"taxonomy":"category","embeddable":true,"href":"https:\/\/formalprision.com\/index.php?rest_route=%2Fwp%2Fv2%2Fcategories&post=137716"},{"taxonomy":"post_tag","embeddable":true,"href":"https:\/\/formalprision.com\/index.php?rest_route=%2Fwp%2Fv2%2Ftags&post=137716"}],"curies":[{"name":"wp","href":"https:\/\/api.w.org\/{rel}","templated":true}]}}