{"id":137755,"date":"2026-01-18T00:40:58","date_gmt":"2026-01-18T05:40:58","guid":{"rendered":"https:\/\/formalprision.com\/?p=137755"},"modified":"2026-01-19T00:22:38","modified_gmt":"2026-01-19T05:22:38","slug":"mas-de-40-mil-meridanos-viven-una-noche-inolvidable-con-reik-en-el-merida-fest","status":"publish","type":"post","link":"https:\/\/formalprision.com\/?p=137755","title":{"rendered":"M\u00e1s de 40 mil meridanos viven una noche inolvidable con Reik en el M\u00e9rida Fest"},"content":{"rendered":"\n<p>M\u00e9rida, Yucat\u00e1n a s\u00e1bado 17 de enero de 2026.- Inolvidable noche vivieron m\u00e1s de 40 mil meridanas y meridanos durante el concierto de Reik, uno de los grupos musicales m\u00e1s queridos de M\u00e9xico, en el marco del M\u00e9rida Fest 2026.<\/p>\n\n\n\n<p>La presidenta municipal Cecilia Patr\u00f3n Laviada, invit\u00f3 a todos a disfrutar de todos los eventos que organiza el Ayuntamiento pues son suyos. Que acudan con su familia a convivir en los diferentes espacios p\u00fablicos, los espect\u00e1culos donde reina la alegr\u00eda y la sana diversi\u00f3n para todas y todos.<\/p>\n\n\n\n<p>\u201cAgradezco la unidad y paz que construimos juntos en la m\u00e1s chula de las ciudades y que nos hace distintos y distinguibles\u201d, resalt\u00f3.<\/p>\n\n\n\n<p>Con este espect\u00e1culo, Reik arranc\u00f3 sus presentaciones de este a\u00f1o, con amplio repertorio de las canciones m\u00e1s populares de la banda originaria de Mexicali, Baja California.<\/p>\n\n\n\n<p>En un ambiente el\u00e9ctrico, el tr\u00edo subi\u00f3 al escenario saludando a la multitud que gritaba de emoci\u00f3n.<\/p>\n\n\n\n<p>Jes\u00fas Navarro, el vocalista, agradeci\u00f3 la calurosa bienvenida y prometi\u00f3 un espect\u00e1culo inolvidable. Y as\u00ed fue: el grupo interpret\u00f3 sus grandes \u00e9xitos, incluyendo \u00abYa me enter\u00e9\u00bb, \u00abInolvidable\u00bb, \u00abFui\u00bb y \u00abCreo en ti\u00bb, que hicieron que el p\u00fablico se desbordara de alegr\u00eda.<\/p>\n\n\n\n<figure class=\"wp-block-image size-large\"><a href=\"https:\/\/formalprision.com\/wp-content\/uploads\/2026\/01\/1000111692.jpg\"><img loading=\"lazy\" decoding=\"async\" width=\"1024\" height=\"682\" src=\"https:\/\/formalprision.com\/wp-content\/uploads\/2026\/01\/1000111692-1024x682.jpg\" alt=\"\" class=\"wp-image-137757\" srcset=\"https:\/\/formalprision.com\/wp-content\/uploads\/2026\/01\/1000111692-1024x682.jpg 1024w, https:\/\/formalprision.com\/wp-content\/uploads\/2026\/01\/1000111692-300x200.jpg 300w, https:\/\/formalprision.com\/wp-content\/uploads\/2026\/01\/1000111692-768x512.jpg 768w, https:\/\/formalprision.com\/wp-content\/uploads\/2026\/01\/1000111692-1536x1024.jpg 1536w, https:\/\/formalprision.com\/wp-content\/uploads\/2026\/01\/1000111692-2048x1365.jpg 2048w, https:\/\/formalprision.com\/wp-content\/uploads\/2026\/01\/1000111692-900x600.jpg 900w\" sizes=\"auto, (max-width: 1024px) 100vw, 1024px\" \/><\/a><\/figure>\n\n\n\n<p>En la recta final del M\u00e9rida Fest 2026 la Plaza Grande se convirti\u00f3 en un mar de luces de celulares y voces unidas que cantaban cada estrofa. Reik demostr\u00f3 por qu\u00e9 es uno de los grupos m\u00e1s exitosos de la m\u00fasica pop en M\u00e9xico, con una energ\u00eda contagiosa y un sonido que cautiv\u00f3 a la multitud.<\/p>\n\n\n\n<p>El concierto fue un espect\u00e1culo visual y auditivo, con una producci\u00f3n de alta calidad y un escenario que se iluminaba al ritmo de la m\u00fasica; la agrupaci\u00f3n interactu\u00f3 con el p\u00fablico, creando un ambiente de complicidad y diversi\u00f3n que hizo que la noche fuera inolvidable.<\/p>\n\n\n\n<figure class=\"wp-block-gallery has-nested-images columns-default is-cropped wp-block-gallery-1 is-layout-flex wp-block-gallery-is-layout-flex\">\n<figure class=\"wp-block-image size-large\"><a href=\"https:\/\/formalprision.com\/wp-content\/uploads\/2026\/01\/IMG-20260117-WA0121.jpg\"><img loading=\"lazy\" decoding=\"async\" width=\"1024\" height=\"682\" data-id=\"137756\" src=\"https:\/\/formalprision.com\/wp-content\/uploads\/2026\/01\/IMG-20260117-WA0121-1024x682.jpg\" alt=\"\" class=\"wp-image-137756\" srcset=\"https:\/\/formalprision.com\/wp-content\/uploads\/2026\/01\/IMG-20260117-WA0121-1024x682.jpg 1024w, https:\/\/formalprision.com\/wp-content\/uploads\/2026\/01\/IMG-20260117-WA0121-300x200.jpg 300w, https:\/\/formalprision.com\/wp-content\/uploads\/2026\/01\/IMG-20260117-WA0121-768x512.jpg 768w, https:\/\/formalprision.com\/wp-content\/uploads\/2026\/01\/IMG-20260117-WA0121-1536x1024.jpg 1536w, https:\/\/formalprision.com\/wp-content\/uploads\/2026\/01\/IMG-20260117-WA0121-2048x1365.jpg 2048w, https:\/\/formalprision.com\/wp-content\/uploads\/2026\/01\/IMG-20260117-WA0121-900x600.jpg 900w\" sizes=\"auto, (max-width: 1024px) 100vw, 1024px\" \/><\/a><\/figure>\n<\/figure>\n\n\n\n<p>La respuesta del p\u00fablico fue abrumadora: miles de personas se quedaron hasta el final, aplaudiendo y pidiendo m\u00e1s. Reik no defraud\u00f3 y ofreci\u00f3 un repertorio con sus canciones m\u00e1s populares, dejando a la multitud con una sonrisa en el rostro.<\/p>\n\n\n\n<p>El M\u00e9rida Fest 2026 sigue demostrando porqu\u00e9 es uno de los festivales m\u00e1s importantes de la regi\u00f3n, y el concierto de Reik ser\u00e1 recordado como uno de los momentos m\u00e1s destacados de la edici\u00f3n de este a\u00f1o.<\/p>\n","protected":false},"excerpt":{"rendered":"<p>M\u00e9rida, Yucat\u00e1n a s\u00e1bado 17 de enero de 2026.- Inolvidable noche vivieron m\u00e1s de 40 mil meridanas y meridanos durante el concierto de Reik, uno de los grupos musicales m\u00e1s<\/p>\n","protected":false},"author":1,"featured_media":137758,"comment_status":"open","ping_status":"open","sticky":false,"template":"","format":"standard","meta":{"jetpack_post_was_ever_published":false,"_jetpack_newsletter_access":"","_jetpack_dont_email_post_to_subs":false,"_jetpack_newsletter_tier_id":0,"_jetpack_memberships_contains_paywalled_content":false,"_jetpack_memberships_contains_paid_content":false,"footnotes":"","jetpack_publicize_message":"","jetpack_publicize_feature_enabled":true,"jetpack_social_post_already_shared":true,"jetpack_social_options":{"image_generator_settings":{"template":"highway","default_image_id":0,"font":"","enabled":false},"version":2}},"categories":[54],"tags":[],"class_list":["post-137755","post","type-post","status-publish","format-standard","has-post-thumbnail","hentry","category-yucatan"],"jetpack_publicize_connections":[],"jetpack_featured_media_url":"https:\/\/formalprision.com\/wp-content\/uploads\/2026\/01\/IMG-20260117-WA0131.jpg","jetpack_sharing_enabled":true,"jetpack_shortlink":"https:\/\/wp.me\/p6id8p-zPR","_links":{"self":[{"href":"https:\/\/formalprision.com\/index.php?rest_route=\/wp\/v2\/posts\/137755","targetHints":{"allow":["GET"]}}],"collection":[{"href":"https:\/\/formalprision.com\/index.php?rest_route=\/wp\/v2\/posts"}],"about":[{"href":"https:\/\/formalprision.com\/index.php?rest_route=\/wp\/v2\/types\/post"}],"author":[{"embeddable":true,"href":"https:\/\/formalprision.com\/index.php?rest_route=\/wp\/v2\/users\/1"}],"replies":[{"embeddable":true,"href":"https:\/\/formalprision.com\/index.php?rest_route=%2Fwp%2Fv2%2Fcomments&post=137755"}],"version-history":[{"count":1,"href":"https:\/\/formalprision.com\/index.php?rest_route=\/wp\/v2\/posts\/137755\/revisions"}],"predecessor-version":[{"id":137759,"href":"https:\/\/formalprision.com\/index.php?rest_route=\/wp\/v2\/posts\/137755\/revisions\/137759"}],"wp:featuredmedia":[{"embeddable":true,"href":"https:\/\/formalprision.com\/index.php?rest_route=\/wp\/v2\/media\/137758"}],"wp:attachment":[{"href":"https:\/\/formalprision.com\/index.php?rest_route=%2Fwp%2Fv2%2Fmedia&parent=137755"}],"wp:term":[{"taxonomy":"category","embeddable":true,"href":"https:\/\/formalprision.com\/index.php?rest_route=%2Fwp%2Fv2%2Fcategories&post=137755"},{"taxonomy":"post_tag","embeddable":true,"href":"https:\/\/formalprision.com\/index.php?rest_route=%2Fwp%2Fv2%2Ftags&post=137755"}],"curies":[{"name":"wp","href":"https:\/\/api.w.org\/{rel}","templated":true}]}}