{"id":137769,"date":"2026-01-18T19:17:25","date_gmt":"2026-01-19T00:17:25","guid":{"rendered":"https:\/\/formalprision.com\/?p=137769"},"modified":"2026-01-19T18:35:56","modified_gmt":"2026-01-19T23:35:56","slug":"ayuntamiento-impulsa-la-expo-arcoiris-para-fortalecer-la-inclusion-y-la-diversidad-en-merida","status":"publish","type":"post","link":"https:\/\/formalprision.com\/?p=137769","title":{"rendered":"Ayuntamiento impulsa la Expo Arco\u00edris para fortalecer la inclusi\u00f3n y la diversidad en M\u00e9rida"},"content":{"rendered":"\n<p>M\u00c9RIDA, Yucat\u00e1n.- El Ayuntamiento de M\u00e9rida llev\u00f3 a cabo con \u00e9xito una nueva edici\u00f3n de la Expo Arco\u00edris, un evento cultural y de emprendimientos que se ha consolidado como una de las acciones municipales que abren oportunidades reales, promueven la igualdad y apoyan directamente a quienes m\u00e1s lo necesitan.<\/p>\n\n\n\n<p>A trav\u00e9s de la Direcci\u00f3n de Desarrollo Social y Combate a la Pobreza, que encabeza Arturo Le\u00f3n Itz\u00e1, la Expo Arco\u00edris se realiz\u00f3 como parte de las actividades del M\u00e9rida Fest 2026, brindando un espacio seguro, abierto y gratuito para que personas de la comunidad LGBTI+ y personas aliadas pudieran mostrar su talento, su trabajo y sus proyectos productivos.<\/p>\n\n\n\n<p>\u201cLa Expo Arco\u00edris demuestra que cuando generamos espacios abiertos y respetuosos, las personas pueden crecer, emprender y sentirse reconocidas. Ese es el tipo de ciudad que estamos construyendo en M\u00e9rida\u201d, se\u00f1al\u00f3 Arturo Le\u00f3n.<\/p>\n\n\n\n<p>En esta cuarta edici\u00f3n participaron 50 emprendimientos locales, dedicados a giros como artesan\u00edas, alimentos, joyer\u00eda y plantas, lo que permiti\u00f3 a las y los participantes darse a conocer, conectar con nuevos clientes y generar ingresos, sin costo alguno, fortaleciendo as\u00ed la econom\u00eda familiar y local.<\/p>\n\n\n\n<p>\u201cEstas acciones ayudan a que las personas tengan m\u00e1s opciones para salir adelante, aprovechen su talento y encuentren nuevas oportunidades de desarrollo\u201d, destac\u00f3.<\/p>\n\n\n\n<p>La Expo Arco\u00edris tambi\u00e9n ofreci\u00f3 una amplia agenda art\u00edstica y cultural. Se cont\u00f3 con la participaci\u00f3n del colectivo M\u00e9rida\u2019s Drag Show, una plataforma que ha llevado el arte drag a distintos espacios p\u00fablicos de la ciudad, con presentaciones de Loba Lee y Picandy Hard, esta \u00faltima seleccionada para la competencia Morbidrags en su segunda temporada.<\/p>\n\n\n\n<p>El cierre del evento estuvo a cargo del \u201cFashion Week: Lo Hecho en M\u00e9xico Ball\u201d, organizado por House of Magdalena, una propuesta que mezcla la cultura Ballroom con la moda mexicana y la diversidad, resaltando nuestras ra\u00edces textiles y culturales desde una visi\u00f3n actual, incluyente y creativa.<\/p>\n\n\n\n<p>\u201cSeguimos trabajando para que todas las personas se sientan tomadas en cuenta y tengan acceso a espacios donde puedan expresarse, emprender y participar activamente en la vida de la ciudad\u201d, explic\u00f3 Le\u00f3n Itz\u00e1.<\/p>\n\n\n\n<p>Con esta edici\u00f3n, la Expo Arco\u00edris reafirm\u00f3 su importancia como una iniciativa municipal que impulsa la participaci\u00f3n, el respeto y las oportunidades para todas las personas, fortaleciendo la convivencia y posicionando a M\u00e9rida como una ciudad abierta, diversa y solidaria.<\/p>\n\n\n\n<p>Para mayores informes sobre los programas sociales, la ciudadan\u00eda puede acudir a las ventanillas de la Direcci\u00f3n de Desarrollo Social y Combate a la Pobreza, ubicadas en C. 65 No. 368 Int. x 40 y 42, Col. Centro, o comunicarse a los tel\u00e9fonos (999) 924 6900 y (999) 924 6962, ext. 81750, de lunes a viernes de 8:00 a.m. a 3:00 p.m.<\/p>\n","protected":false},"excerpt":{"rendered":"<p>M\u00c9RIDA, Yucat\u00e1n.- El Ayuntamiento de M\u00e9rida llev\u00f3 a cabo con \u00e9xito una nueva edici\u00f3n de la Expo Arco\u00edris, un evento cultural y de emprendimientos que se ha consolidado como una<\/p>\n","protected":false},"author":2,"featured_media":137772,"comment_status":"open","ping_status":"open","sticky":false,"template":"","format":"standard","meta":{"jetpack_post_was_ever_published":false,"_jetpack_newsletter_access":"","_jetpack_dont_email_post_to_subs":false,"_jetpack_newsletter_tier_id":0,"_jetpack_memberships_contains_paywalled_content":false,"_jetpack_memberships_contains_paid_content":false,"footnotes":"","jetpack_publicize_message":"","jetpack_publicize_feature_enabled":true,"jetpack_social_post_already_shared":true,"jetpack_social_options":{"image_generator_settings":{"template":"highway","default_image_id":0,"font":"","enabled":false},"version":2}},"categories":[14],"tags":[],"class_list":["post-137769","post","type-post","status-publish","format-standard","has-post-thumbnail","hentry","category-merida"],"jetpack_publicize_connections":[],"jetpack_featured_media_url":"https:\/\/formalprision.com\/wp-content\/uploads\/2026\/01\/WhatsApp-Image-2026-01-18-at-5.55.34-PM.jpeg","jetpack_sharing_enabled":true,"jetpack_shortlink":"https:\/\/wp.me\/p6id8p-zQ5","_links":{"self":[{"href":"https:\/\/formalprision.com\/index.php?rest_route=\/wp\/v2\/posts\/137769","targetHints":{"allow":["GET"]}}],"collection":[{"href":"https:\/\/formalprision.com\/index.php?rest_route=\/wp\/v2\/posts"}],"about":[{"href":"https:\/\/formalprision.com\/index.php?rest_route=\/wp\/v2\/types\/post"}],"author":[{"embeddable":true,"href":"https:\/\/formalprision.com\/index.php?rest_route=\/wp\/v2\/users\/2"}],"replies":[{"embeddable":true,"href":"https:\/\/formalprision.com\/index.php?rest_route=%2Fwp%2Fv2%2Fcomments&post=137769"}],"version-history":[{"count":1,"href":"https:\/\/formalprision.com\/index.php?rest_route=\/wp\/v2\/posts\/137769\/revisions"}],"predecessor-version":[{"id":137770,"href":"https:\/\/formalprision.com\/index.php?rest_route=\/wp\/v2\/posts\/137769\/revisions\/137770"}],"wp:featuredmedia":[{"embeddable":true,"href":"https:\/\/formalprision.com\/index.php?rest_route=\/wp\/v2\/media\/137772"}],"wp:attachment":[{"href":"https:\/\/formalprision.com\/index.php?rest_route=%2Fwp%2Fv2%2Fmedia&parent=137769"}],"wp:term":[{"taxonomy":"category","embeddable":true,"href":"https:\/\/formalprision.com\/index.php?rest_route=%2Fwp%2Fv2%2Fcategories&post=137769"},{"taxonomy":"post_tag","embeddable":true,"href":"https:\/\/formalprision.com\/index.php?rest_route=%2Fwp%2Fv2%2Ftags&post=137769"}],"curies":[{"name":"wp","href":"https:\/\/api.w.org\/{rel}","templated":true}]}}