{"id":137789,"date":"2026-01-19T18:45:17","date_gmt":"2026-01-19T23:45:17","guid":{"rendered":"https:\/\/formalprision.com\/?p=137789"},"modified":"2026-01-19T18:45:17","modified_gmt":"2026-01-19T23:45:17","slug":"yucatan-consolida-proyectos-estrategicos-para-transformar-su-economia","status":"publish","type":"post","link":"https:\/\/formalprision.com\/?p=137789","title":{"rendered":"Yucat\u00e1n consolida proyectos estrat\u00e9gicos para transformar su econom\u00eda"},"content":{"rendered":"\n<p>M\u00e9rida, Yucat\u00e1n, a 19 de enero de 2026.-El gobernador Joaqu\u00edn D\u00edaz Mena afirm\u00f3 que Yucat\u00e1n avanza con paso firme en la consolidaci\u00f3n de proyectos estrat\u00e9gicos que transforman la econom\u00eda del estado y generan empleos mejor pagados, sin dejar de lado el fortalecimiento de la econom\u00eda, el bienestar de las familias trabajadoras, el impulso a los peque\u00f1os negocios, el acompa\u00f1amiento a las y los emprendedores y la promoci\u00f3n de la producci\u00f3n artesanal.<br>&nbsp;<br>\u201cHoy avanzamos con proyectos estrat\u00e9gicos como el Puerto de Altura, el Tren Maya y los Polos Industriales, que transforman al estado y, al mismo tiempo, cuidan y fortalecen la econom\u00eda yucateca: la del peque\u00f1o negocio, la del emprendimiento, la del artesanado y la de las familias que viven de su esfuerzo diario\u201d, expres\u00f3 el mandatario estatal.<br>&nbsp;<br>Destac\u00f3 que la obra m\u00e1s importante en este rubro es la ampliaci\u00f3n y modernizaci\u00f3n del Puerto de Altura de Progreso, un proyecto hist\u00f3rico que consolidar\u00e1 a Yucat\u00e1n como un hub log\u00edstico estrat\u00e9gico a nivel nacional.<br>&nbsp;<br>Detall\u00f3 que se construir\u00e1n 80 nuevas hect\u00e1reas en dos plataformas, alcanzando un total de 114 hect\u00e1reas y triplicando la capacidad productiva del puerto, con una inversi\u00f3n superior a los 12 mil millones de pesos, de los cuales el Gobierno del Estado aporta 1,500 millones, y el resto corresponde al Gobierno de M\u00e9xico, encabezado por la Presidenta Claudia Sheinbaum Pardo.<br>&nbsp;<br>\u201cCon esta obra estamos preparando al estado para atraer industrias de alto valor agregado y generar empleos bien pagados para las y los yucatecos\u201d, puntualiz\u00f3.<br>&nbsp;<br>A este proyecto se suma la ampliaci\u00f3n del Tren Maya en su modalidad de carga, que conectar\u00e1 Um\u00e1n con el Puerto de Progreso. En coordinaci\u00f3n con el Gobierno de M\u00e9xico, se destinan 25 mil millones de pesos a esta obra estrat\u00e9gica, que permitir\u00e1 enlazar parques industriales, corredores productivos y centros log\u00edsticos, y con ello posicionar a Yucat\u00e1n como un nodo de desarrollo nacional e internacional.<br>&nbsp;<br>Se\u00f1al\u00f3 que estos esfuerzos se complementan con los Polos Industriales de Bienestar, los cuales ordenan el crecimiento, atraen inversi\u00f3n productiva y acercan oportunidades a distintas regiones del estado, fortaleciendo un desarrollo equilibrado y con sentido social.<br>&nbsp;<br>Tambi\u00e9n inform\u00f3 sobre el proyecto del Anillo Vial Metropolitano, el cual forma parte del Renacimiento Maya, aunque su inicio no fue posible debido a que no se aprob\u00f3 el cr\u00e9dito solicitado al Congreso del Estado.<br>&nbsp;<br>Explic\u00f3 que esta obra quedar\u00e1 pendiente hasta contar con mejores condiciones legislativas y agradeci\u00f3 a las diputadas y diputados locales que votaron a favor tanto de este financiamiento como del Presupuesto 2026.<br>&nbsp;<br>En materia de pol\u00edtica econ\u00f3mica, el mandatario estatal destac\u00f3 que, desde la SETY, se impulsa una estrategia basada en tres ejes: fortalecer a las empresas con visi\u00f3n social, promover el trabajo digno y atraer inversi\u00f3n productiva.<br>&nbsp;<br>Como parte de esta visi\u00f3n, se cre\u00f3 la marca Invest in Yucat\u00e1n y se conform\u00f3 el Comit\u00e9 Promotor de Inversiones y Fortalecimiento Empresarial, con el objetivo de mantener un di\u00e1logo permanente con el sector empresarial y acompa\u00f1ar cada proyecto de inversi\u00f3n.<br>&nbsp;<\/p>\n","protected":false},"excerpt":{"rendered":"<p>M\u00e9rida, Yucat\u00e1n, a 19 de enero de 2026.-El gobernador Joaqu\u00edn D\u00edaz Mena afirm\u00f3 que Yucat\u00e1n avanza con paso firme en la consolidaci\u00f3n de proyectos estrat\u00e9gicos que transforman la econom\u00eda del<\/p>\n","protected":false},"author":1,"featured_media":137790,"comment_status":"open","ping_status":"open","sticky":false,"template":"","format":"standard","meta":{"jetpack_post_was_ever_published":false,"_jetpack_newsletter_access":"","_jetpack_dont_email_post_to_subs":false,"_jetpack_newsletter_tier_id":0,"_jetpack_memberships_contains_paywalled_content":false,"_jetpack_memberships_contains_paid_content":false,"footnotes":"","jetpack_publicize_message":"","jetpack_publicize_feature_enabled":true,"jetpack_social_post_already_shared":true,"jetpack_social_options":{"image_generator_settings":{"template":"highway","default_image_id":0,"font":"","enabled":false},"version":2}},"categories":[54],"tags":[],"class_list":["post-137789","post","type-post","status-publish","format-standard","has-post-thumbnail","hentry","category-yucatan"],"jetpack_publicize_connections":[],"jetpack_featured_media_url":"https:\/\/formalprision.com\/wp-content\/uploads\/2026\/01\/IMG-20260119-WA0065.jpg","jetpack_sharing_enabled":true,"jetpack_shortlink":"https:\/\/wp.me\/p6id8p-zQp","_links":{"self":[{"href":"https:\/\/formalprision.com\/index.php?rest_route=\/wp\/v2\/posts\/137789","targetHints":{"allow":["GET"]}}],"collection":[{"href":"https:\/\/formalprision.com\/index.php?rest_route=\/wp\/v2\/posts"}],"about":[{"href":"https:\/\/formalprision.com\/index.php?rest_route=\/wp\/v2\/types\/post"}],"author":[{"embeddable":true,"href":"https:\/\/formalprision.com\/index.php?rest_route=\/wp\/v2\/users\/1"}],"replies":[{"embeddable":true,"href":"https:\/\/formalprision.com\/index.php?rest_route=%2Fwp%2Fv2%2Fcomments&post=137789"}],"version-history":[{"count":1,"href":"https:\/\/formalprision.com\/index.php?rest_route=\/wp\/v2\/posts\/137789\/revisions"}],"predecessor-version":[{"id":137791,"href":"https:\/\/formalprision.com\/index.php?rest_route=\/wp\/v2\/posts\/137789\/revisions\/137791"}],"wp:featuredmedia":[{"embeddable":true,"href":"https:\/\/formalprision.com\/index.php?rest_route=\/wp\/v2\/media\/137790"}],"wp:attachment":[{"href":"https:\/\/formalprision.com\/index.php?rest_route=%2Fwp%2Fv2%2Fmedia&parent=137789"}],"wp:term":[{"taxonomy":"category","embeddable":true,"href":"https:\/\/formalprision.com\/index.php?rest_route=%2Fwp%2Fv2%2Fcategories&post=137789"},{"taxonomy":"post_tag","embeddable":true,"href":"https:\/\/formalprision.com\/index.php?rest_route=%2Fwp%2Fv2%2Ftags&post=137789"}],"curies":[{"name":"wp","href":"https:\/\/api.w.org\/{rel}","templated":true}]}}