{"id":137798,"date":"2026-01-19T22:31:44","date_gmt":"2026-01-20T03:31:44","guid":{"rendered":"https:\/\/formalprision.com\/?p=137798"},"modified":"2026-01-20T10:53:32","modified_gmt":"2026-01-20T15:53:32","slug":"el-merida-fest-2026-llega-a-su-fin-con-mas-de-100-mil-asistentes","status":"publish","type":"post","link":"https:\/\/formalprision.com\/?p=137798","title":{"rendered":"El M\u00e9rida Fest 2026 llega a su fin con m\u00e1s de 100 mil asistentes"},"content":{"rendered":"\n<p>M\u00c9RIDA, Yucat\u00e1n.- La celebraci\u00f3n del 484 aniversario de M\u00e9rida lleg\u00f3 a su fin con m\u00e1s de 100 mil asistentes que disfrutaron una amplia oferta cultural en comunidad y en espacios seguros.<\/p>\n\n\n\n<p>Una vez m\u00e1s, la cultura, el arte y las tradiciones se unieron para consolidar el M\u00e9rida Fest como uno de los principales festivales del pa\u00eds pues de acuerdo con los primeros resultados, se contabilizaron alrededor de 105 mil asistentes de todas las edades, en 217 eventos y el talento de 949 artistas locales, nacionales e internacionales invitados.<\/p>\n\n\n\n<p>Sin duda los conciertos estelares de \u201cManzanero regresa a casa\u201d y la banda mexicana \u201cReik\u201d fueron los que m\u00e1s concentraron al p\u00fablico en la Plaza Grande de la ciudad. En colonias y comisar\u00edas meridanas el talento local hizo lo propio con la comicidad regional y m\u00fasica.<\/p>\n\n\n\n<p>DANZA PARA TODOS<\/p>\n\n\n\n<p>En el \u00faltimo fin de semana del festival la danza fue una de las disciplinas que tuvo al p\u00fablico cautivo. En \u201cCortar Anclas. Danzas para la purificaci\u00f3n\u201d, la core\u00f3grafa \u00c9rika Torres dirigi\u00f3 a un grupo de bailarines que rozaban los 50 a\u00f1os de edad, demostraron que la edad no es impedimento para avanzar, sentirse libres y disfrutar la danza.<\/p>\n\n\n\n<p>Entre la bailarina Tatiana Zugazagoita y el compositor argentino radicado en Barcelona, Sebasti\u00e1n Garc\u00eda Ferro destac\u00f3 la colaboraci\u00f3n entre ambos artistas, la escucha y mirar desde una perspectiva diferente la relaci\u00f3n entre la danza, la filosof\u00eda y la experiencia corporal en la obra \u201cEncajonados\u201d.<\/p>\n\n\n\n<p>\u201cMicelio\u201d lleg\u00f3 firme con el Colectivo MdMar Danza, con 12 escenas donde a trav\u00e9s de la danza contempor\u00e1nea, nueve bailarines, una escenograf\u00eda textil que sub\u00eda y bajaba y m\u00fasicos en vivo, se desplazaban por el escenario del Teatro Armando Manzanero como una red org\u00e1nica, un todo y el impacto que se tiene en la toma de decisiones en conjunto.<\/p>\n\n\n\n<p>Las dos jornadas de los \u201cEncuentros en Tr\u00e1nsito\u201d sorprendieron a meridanas y meridanos, gracias a la creatividad del Colectivo Bifrontal con sus personajes cotidianos con grandes m\u00e1scaras, que invitaba a su paso a disfrutar la riqueza de la ciudad. Las caminatas, a las que se iban sumando personas de todas las edades, fueron por el corredor gastron\u00f3mico de la calle 47 y los dos principales mercados municipales del centro de M\u00e9rida.<\/p>\n\n\n\n<p>La reconocida bailaora internacional Mar\u00eda Juncal, con s\u00f3lida formaci\u00f3n en ballet cl\u00e1sico y espa\u00f1ol, se adue\u00f1\u00f3 del escenario meridano con sus tablaos y talento. La m\u00fasica repiti\u00f3 su \u00e9xito la \u00faltima semana con miles de adeptos que siguieron los ritmos con las palmas y pies.<\/p>\n\n\n\n<p>La Orquesta de C\u00e1mara de M\u00e9rida y Muziek Grand Band fueron un \u00e9xito con sus arreglos y m\u00fasica de los 70 a las 90, mientras la gente disfrutaba la gastronom\u00eda regional de las cocinas populares.<\/p>\n\n\n\n<p>Desde Oaxaca, la Furia con Lujuria Sonidera hizo recordar con sus cumbias los grandes festejos que tenemos en el pa\u00eds en el Remate del Paseo de Montejo, mientras que Mar\u00eda Moctezuma y la DJ alemana Djonni Laser hicieron lo propio con el espect\u00e1culo \u201cSacBeats\u201d con temas como \u201c Mujer ma\u00edz\u201d e \u201cIdentidad maya\u201d.<\/p>\n\n\n\n<p>Las jornadas literarias demostraron el inter\u00e9s lector y por el g\u00e9nero cuent\u00edstico en el 5o. Encuentro Nacional de Cuentistas ENAC-M\u00e9rida. Entre las actividades, las escritoras mexicanas Bibiana Camacho y Elma Correa hablaron, en una charla magistral en el programa \u201cVoz Viva\u201d, sobre los desaf\u00edos de vivir el cuento, procesos creativos, el centralismo y el principal mensaje para cualquier escritor: priorizar la lectura.<\/p>\n\n\n\n<p>Los cinco recorridos guiados por galer\u00edas de M\u00e9rida, por los rumbos de La Ermita, Santa Ana, Santiago, Centro y Norte tuvieron gran respuesta tanto de consumidores de arte como personas deseosas de encontrar lo que hoy se crea, con diferentes propuestas locales e internacionales en dichos espacios.<\/p>\n\n\n\n<p>El Fashion Week: Lo hecho en M\u00e9xico por Ball, junto con la Expo Arcoiris, abrieron nuevamente momentos de inclusi\u00f3n y amplia agenda, con emprendimientos de la comunidad diversa y moda.<\/p>\n\n\n\n<p>El arte tambi\u00e9n vivi\u00f3 otros gratos momentos con la apertura de nuevas exposiciones de Manuel Lizama, incluyendo grabados nunca antes expuestos, en el Olimpo, y r\u00e9plicas de vasijas de cer\u00e1mica policromada con alegor\u00edas de la cultura maya de Raymundo Mart\u00edn.<\/p>\n\n\n\n<p>Tambi\u00e9n la \u201cColecci\u00f3n MACAY\u201d en el Museo de la Ciudad, con casi un centenar de obra exhibida de 73 artistas, que enriquece el patrimonio de la ciudad; una selecci\u00f3n de 100 obras y bocetos de los procesos creativos de Fernando Castro Pacheco en el centro cultural que lleva su nombre, y las ficciones y met\u00e1foras pict\u00f3ricas de Narciso Couoh en el Centro Cultural Jos\u00e9 Mart\u00ed.<\/p>\n\n\n\n<p>No falt\u00f3 el sabor tradicional al celebrar los 50 a\u00f1os del Ballet Folcl\u00f3rico Titular del Ayuntamiento, la noche de la entrega de medallas a los decanos de la Trova, la celebraci\u00f3n del 61 aniversario del exitoso programa de la Serenata Yucateca, y la entrega de la medalla \u201cGuty C\u00e1rdenas\u201d al compositor Benjam\u00edn Escudero Beltr\u00f3n.<\/p>\n\n\n\n<p>El Marat\u00f3n de baile fue el acierto para cerrar 14 d\u00edas de actividades para celebrar a la capital yucateca. La heladez y la pertinaz llovizna que cubri\u00f3 la tarde y gran parte de la noche del domingo no fueron impedimento para que miles de personas llenaran los bajos del Palacio Municipal y hasta la altura del Centro Cultural Olimpo.<\/p>\n","protected":false},"excerpt":{"rendered":"<p>M\u00c9RIDA, Yucat\u00e1n.- La celebraci\u00f3n del 484 aniversario de M\u00e9rida lleg\u00f3 a su fin con m\u00e1s de 100 mil asistentes que disfrutaron una amplia oferta cultural en comunidad y en espacios<\/p>\n","protected":false},"author":2,"featured_media":137800,"comment_status":"open","ping_status":"open","sticky":false,"template":"","format":"standard","meta":{"jetpack_post_was_ever_published":false,"_jetpack_newsletter_access":"","_jetpack_dont_email_post_to_subs":false,"_jetpack_newsletter_tier_id":0,"_jetpack_memberships_contains_paywalled_content":false,"_jetpack_memberships_contains_paid_content":false,"footnotes":"","jetpack_publicize_message":"","jetpack_publicize_feature_enabled":true,"jetpack_social_post_already_shared":true,"jetpack_social_options":{"image_generator_settings":{"template":"highway","default_image_id":0,"font":"","enabled":false},"version":2}},"categories":[54],"tags":[],"class_list":["post-137798","post","type-post","status-publish","format-standard","has-post-thumbnail","hentry","category-yucatan"],"jetpack_publicize_connections":[],"jetpack_featured_media_url":"https:\/\/formalprision.com\/wp-content\/uploads\/2026\/01\/WhatsApp-Image-2026-01-19-at-9.14.14-PM1.jpeg","jetpack_sharing_enabled":true,"jetpack_shortlink":"https:\/\/wp.me\/p6id8p-zQy","_links":{"self":[{"href":"https:\/\/formalprision.com\/index.php?rest_route=\/wp\/v2\/posts\/137798","targetHints":{"allow":["GET"]}}],"collection":[{"href":"https:\/\/formalprision.com\/index.php?rest_route=\/wp\/v2\/posts"}],"about":[{"href":"https:\/\/formalprision.com\/index.php?rest_route=\/wp\/v2\/types\/post"}],"author":[{"embeddable":true,"href":"https:\/\/formalprision.com\/index.php?rest_route=\/wp\/v2\/users\/2"}],"replies":[{"embeddable":true,"href":"https:\/\/formalprision.com\/index.php?rest_route=%2Fwp%2Fv2%2Fcomments&post=137798"}],"version-history":[{"count":1,"href":"https:\/\/formalprision.com\/index.php?rest_route=\/wp\/v2\/posts\/137798\/revisions"}],"predecessor-version":[{"id":137799,"href":"https:\/\/formalprision.com\/index.php?rest_route=\/wp\/v2\/posts\/137798\/revisions\/137799"}],"wp:featuredmedia":[{"embeddable":true,"href":"https:\/\/formalprision.com\/index.php?rest_route=\/wp\/v2\/media\/137800"}],"wp:attachment":[{"href":"https:\/\/formalprision.com\/index.php?rest_route=%2Fwp%2Fv2%2Fmedia&parent=137798"}],"wp:term":[{"taxonomy":"category","embeddable":true,"href":"https:\/\/formalprision.com\/index.php?rest_route=%2Fwp%2Fv2%2Fcategories&post=137798"},{"taxonomy":"post_tag","embeddable":true,"href":"https:\/\/formalprision.com\/index.php?rest_route=%2Fwp%2Fv2%2Ftags&post=137798"}],"curies":[{"name":"wp","href":"https:\/\/api.w.org\/{rel}","templated":true}]}}