{"id":137811,"date":"2026-01-20T18:22:44","date_gmt":"2026-01-20T23:22:44","guid":{"rendered":"https:\/\/formalprision.com\/?p=137811"},"modified":"2026-01-20T18:22:44","modified_gmt":"2026-01-20T23:22:44","slug":"acuerdan-alianza-cientifica-para-atender-enfermedades-transmisibles-en-yucatan","status":"publish","type":"post","link":"https:\/\/formalprision.com\/?p=137811","title":{"rendered":"Acuerdan alianza cient\u00edfica para atender enfermedades transmisibles en Yucat\u00e1n"},"content":{"rendered":"\n<p>M\u00e9rida, Yucat\u00e1n, a 20 de enero de 2026.+El gobernador Joaqu\u00edn D\u00edaz Mena encabez\u00f3 la firma de un convenio entre el Centro Regional de Investigaciones \u201cDr. Hideyo Noguchi\u201d de la Universidad Aut\u00f3noma de Yucat\u00e1n (UADY) y la Secretar\u00eda de Salud (SSY), con el objetivo de establecer una ruta clara de trabajo conjunto que fortalezca la vigilancia epidemiol\u00f3gica, mejore los diagn\u00f3sticos y refuerce la protecci\u00f3n de la salud de las yucatecas y los yucatecos.<br>\u00a0<br>El titular del Ejecutivo estatal asegur\u00f3 que la salud p\u00fablica se construye con trabajo serio, conocimiento aplicado y decisiones que conectan a las instituciones con la vida diaria de la poblaci\u00f3n, por lo que este convenio permitir\u00e1 coordinar capacidades t\u00e9cnicas, acad\u00e9micas y cient\u00edficas para atender de manera m\u00e1s eficaz las enfermedades transmisibles que afectan a la entidad.<br>\u00a0<br>\u201cEste acuerdo fortalece la vigilancia epidemiol\u00f3gica de enfermedades transmisibles en nuestro estado, impulsa el diagn\u00f3stico oportuno, aprovecha la capacidad t\u00e9cnica que ya existe en Yucat\u00e1n y la pone a trabajar de manera coordinada, con reglas claras y objetivos concretos\u201d, sostuvo.<br>\u00a0<br>Desde las instalaciones administrativas de la UADY, el Gobernador reconoci\u00f3 el trabajo del Centro Regional de Investigaciones \u201cDr. Hideyo Noguchi\u201d, que representa d\u00e9cadas de investigaci\u00f3n, formaci\u00f3n de talento y compromiso con Yucat\u00e1n.<br>\u00a0<br>\u201c<\/p>\n","protected":false},"excerpt":{"rendered":"<p>M\u00e9rida, Yucat\u00e1n, a 20 de enero de 2026.+El gobernador Joaqu\u00edn D\u00edaz Mena encabez\u00f3 la firma de un convenio entre el Centro Regional de Investigaciones \u201cDr. Hideyo Noguchi\u201d de la Universidad<\/p>\n","protected":false},"author":1,"featured_media":137812,"comment_status":"open","ping_status":"open","sticky":false,"template":"","format":"standard","meta":{"jetpack_post_was_ever_published":false,"_jetpack_newsletter_access":"","_jetpack_dont_email_post_to_subs":false,"_jetpack_newsletter_tier_id":0,"_jetpack_memberships_contains_paywalled_content":false,"_jetpack_memberships_contains_paid_content":false,"footnotes":"","jetpack_publicize_message":"","jetpack_publicize_feature_enabled":true,"jetpack_social_post_already_shared":true,"jetpack_social_options":{"image_generator_settings":{"template":"highway","default_image_id":0,"font":"","enabled":false},"version":2}},"categories":[14],"tags":[],"class_list":["post-137811","post","type-post","status-publish","format-standard","has-post-thumbnail","hentry","category-merida"],"jetpack_publicize_connections":[],"jetpack_featured_media_url":"https:\/\/formalprision.com\/wp-content\/uploads\/2026\/01\/IMG-20260120-WA0093.jpg","jetpack_sharing_enabled":true,"jetpack_shortlink":"https:\/\/wp.me\/p6id8p-zQL","_links":{"self":[{"href":"https:\/\/formalprision.com\/index.php?rest_route=\/wp\/v2\/posts\/137811","targetHints":{"allow":["GET"]}}],"collection":[{"href":"https:\/\/formalprision.com\/index.php?rest_route=\/wp\/v2\/posts"}],"about":[{"href":"https:\/\/formalprision.com\/index.php?rest_route=\/wp\/v2\/types\/post"}],"author":[{"embeddable":true,"href":"https:\/\/formalprision.com\/index.php?rest_route=\/wp\/v2\/users\/1"}],"replies":[{"embeddable":true,"href":"https:\/\/formalprision.com\/index.php?rest_route=%2Fwp%2Fv2%2Fcomments&post=137811"}],"version-history":[{"count":1,"href":"https:\/\/formalprision.com\/index.php?rest_route=\/wp\/v2\/posts\/137811\/revisions"}],"predecessor-version":[{"id":137813,"href":"https:\/\/formalprision.com\/index.php?rest_route=\/wp\/v2\/posts\/137811\/revisions\/137813"}],"wp:featuredmedia":[{"embeddable":true,"href":"https:\/\/formalprision.com\/index.php?rest_route=\/wp\/v2\/media\/137812"}],"wp:attachment":[{"href":"https:\/\/formalprision.com\/index.php?rest_route=%2Fwp%2Fv2%2Fmedia&parent=137811"}],"wp:term":[{"taxonomy":"category","embeddable":true,"href":"https:\/\/formalprision.com\/index.php?rest_route=%2Fwp%2Fv2%2Fcategories&post=137811"},{"taxonomy":"post_tag","embeddable":true,"href":"https:\/\/formalprision.com\/index.php?rest_route=%2Fwp%2Fv2%2Ftags&post=137811"}],"curies":[{"name":"wp","href":"https:\/\/api.w.org\/{rel}","templated":true}]}}