{"id":137832,"date":"2026-01-21T10:50:41","date_gmt":"2026-01-21T15:50:41","guid":{"rendered":"https:\/\/formalprision.com\/?p=137832"},"modified":"2026-01-21T23:25:27","modified_gmt":"2026-01-22T04:25:27","slug":"diaz-mena-rinde-cuentas-en-izamal","status":"publish","type":"post","link":"https:\/\/formalprision.com\/?p=137832","title":{"rendered":"D\u00edaz Mena rinde cuentas en Izamal"},"content":{"rendered":"\n<p>El gobernador Joaqu\u00edn D\u00edaz Mena contin\u00faa recorriendo diversos municipios de la entidad para rendir su Primer Informe de Gobierno de manera cercana a la poblaci\u00f3n y reiterar el rumbo firme del Renacimiento Maya. En esta ocasi\u00f3n, correspondi\u00f3 a Izamal conocer los principales resultados de este periodo, en un mensaje marcado por el llamado a la unidad.<\/p>\n\n\n\n<p>Al dirigirse ante cientos de , izamale\u00f1os y visitantes de la regi\u00f3n centro de Yucat\u00e1n, el gobernador detall\u00f3 avances de su administraci\u00f3n en rubros como mujeres, juventudes, educaci\u00f3n, campo, pesca, salud, seguridad y grandes proyectos, entre otros temas.<\/p>\n\n\n\n<p>\u201cEl Renacimiento Maya tambi\u00e9n se construye desde el centro del estado y siempre van a contar con mi gobierno. Yucat\u00e1n tiene Plan Estatal de Desarrollo; por eso tenemos rumbo claro. Yucat\u00e1n tiene futuro, porque el Renacimiento Maya es un compromiso con el pueblo. De los compromisos que marca ese Plan Estatal, el 87% ya est\u00e1 iniciado o ya tiene presupuesto asignado para ponerse en marcha en este primer a\u00f1o\u201d, indic\u00f3.<\/p>\n\n\n\n<p>\u201cYo no camino solo: camino con ustedes; y mientras ustedes sigan de pie, con la frente en alto, yo seguir\u00e9 dando lo mejor de m\u00ed, sin pretextos y sin miedos\u201d, agreg\u00f3.<\/p>\n\n\n\n<p>\u201cSigamos adelante juntos por amor a nuestra tierra, porque lo mejor para Yucat\u00e1n a\u00fan est\u00e1 por venir. Sigamos adelante, que nadie nos robe la esperanza, porque el Renacimiento Maya ya comenz\u00f3 y nada ni nadie lo va a detener\u201d, enfatiz\u00f3.<\/p>\n","protected":false},"excerpt":{"rendered":"<p>El gobernador Joaqu\u00edn D\u00edaz Mena contin\u00faa recorriendo diversos municipios de la entidad para rendir su Primer Informe de Gobierno de manera cercana a la poblaci\u00f3n y reiterar el rumbo firme<\/p>\n","protected":false},"author":1,"featured_media":137833,"comment_status":"open","ping_status":"open","sticky":false,"template":"","format":"standard","meta":{"jetpack_post_was_ever_published":false,"_jetpack_newsletter_access":"","_jetpack_dont_email_post_to_subs":false,"_jetpack_newsletter_tier_id":0,"_jetpack_memberships_contains_paywalled_content":false,"_jetpack_memberships_contains_paid_content":false,"footnotes":"","jetpack_publicize_message":"","jetpack_publicize_feature_enabled":true,"jetpack_social_post_already_shared":true,"jetpack_social_options":{"image_generator_settings":{"template":"highway","default_image_id":0,"font":"","enabled":false},"version":2}},"categories":[54],"tags":[],"class_list":["post-137832","post","type-post","status-publish","format-standard","has-post-thumbnail","hentry","category-yucatan"],"jetpack_publicize_connections":[],"jetpack_featured_media_url":"https:\/\/formalprision.com\/wp-content\/uploads\/2026\/01\/FB_IMG_1769009243883.jpg","jetpack_sharing_enabled":true,"jetpack_shortlink":"https:\/\/wp.me\/p6id8p-zR6","_links":{"self":[{"href":"https:\/\/formalprision.com\/index.php?rest_route=\/wp\/v2\/posts\/137832","targetHints":{"allow":["GET"]}}],"collection":[{"href":"https:\/\/formalprision.com\/index.php?rest_route=\/wp\/v2\/posts"}],"about":[{"href":"https:\/\/formalprision.com\/index.php?rest_route=\/wp\/v2\/types\/post"}],"author":[{"embeddable":true,"href":"https:\/\/formalprision.com\/index.php?rest_route=\/wp\/v2\/users\/1"}],"replies":[{"embeddable":true,"href":"https:\/\/formalprision.com\/index.php?rest_route=%2Fwp%2Fv2%2Fcomments&post=137832"}],"version-history":[{"count":1,"href":"https:\/\/formalprision.com\/index.php?rest_route=\/wp\/v2\/posts\/137832\/revisions"}],"predecessor-version":[{"id":137834,"href":"https:\/\/formalprision.com\/index.php?rest_route=\/wp\/v2\/posts\/137832\/revisions\/137834"}],"wp:featuredmedia":[{"embeddable":true,"href":"https:\/\/formalprision.com\/index.php?rest_route=\/wp\/v2\/media\/137833"}],"wp:attachment":[{"href":"https:\/\/formalprision.com\/index.php?rest_route=%2Fwp%2Fv2%2Fmedia&parent=137832"}],"wp:term":[{"taxonomy":"category","embeddable":true,"href":"https:\/\/formalprision.com\/index.php?rest_route=%2Fwp%2Fv2%2Fcategories&post=137832"},{"taxonomy":"post_tag","embeddable":true,"href":"https:\/\/formalprision.com\/index.php?rest_route=%2Fwp%2Fv2%2Ftags&post=137832"}],"curies":[{"name":"wp","href":"https:\/\/api.w.org\/{rel}","templated":true}]}}