{"id":137835,"date":"2026-01-21T18:33:03","date_gmt":"2026-01-21T23:33:03","guid":{"rendered":"https:\/\/formalprision.com\/?p=137835"},"modified":"2026-01-22T21:27:31","modified_gmt":"2026-01-23T02:27:31","slug":"cecilia-patron-asume-la-presidencia-de-la-red-de-ciudades-del-aprendizaje-de-mexico-de-la-unesco","status":"publish","type":"post","link":"https:\/\/formalprision.com\/?p=137835","title":{"rendered":"Cecilia Patr\u00f3n asume la presidencia de la Red de Ciudades del Aprendizaje de M\u00e9xico de la Unesco"},"content":{"rendered":"\n<p>M\u00c9RIDA, Yucat\u00e1n.- M\u00e9rida se consolida como un referente en educaci\u00f3n y aprendizaje a nivel nacional, con la presidencia de la Red de Ciudades del Aprendizaje de M\u00e9xico de la Unesco para el periodo 2026-2027 que asumi\u00f3 la alcaldesa Cecilia Patr\u00f3n Laviada en reconocimiento al compromiso y liderazgo de la ciudad en la materia.<\/p>\n\n\n\n<p>La entrega del nombramiento estuvo a cargo de Luis Gonz\u00e1lez Arenal, coordinador ejecutivo de la Red Ciudades del Aprendizaje de M\u00e9xico de la Unesco.<\/p>\n\n\n\n<p>\u201cDesde el a\u00f1o pasado hemos trabajado para construir una M\u00e9rida de puertas abiertas al aprendizaje, con una visi\u00f3n de comunidad, equidad y justicia social. Hoy presentamos el Plan M\u00e9rida Ciudad del Aprendizaje, una hoja de ruta que fortalece una ciudad que ense\u00f1a, comparte conocimiento y crece con su gente\u201d, expres\u00f3 la edil.<\/p>\n\n\n\n<p>El plan incluye tres ejes estrat\u00e9gicos: Equidad e Inclusi\u00f3n; Trabajo Digno y Esp\u00edritu Emprendedor, y Desarrollo Sostenible. Est\u00e1 integrado por 13 proyectos estrat\u00e9gicos que reflejan el compromiso de diversos sectores de la sociedad meridana con un aprendizaje que trasciende el aula y se vive en la vida cotidiana.<\/p>\n\n\n\n<p>Cuenta con iniciativas innovadoras como la Feria por la Vida y la Salud de la Mujer y las Bicirutas Comunitarias, que fomentan la movilidad sostenible y el ejercicio al aire libre.<\/p>\n\n\n\n<p>Tambi\u00e9n tiene programas como M\u00e9rida Siempre Verde, que promueve la sostenibilidad y el cuidado del medio ambiente, y el Programa de Bachillerato en L\u00ednea, con oportunidades de educaci\u00f3n a distancia a j\u00f3venes y adultos. La Capacitaci\u00f3n e Innovaci\u00f3n para el Emprendimiento es otro proyecto clave, que impulsa el desarrollo econ\u00f3mico y la creaci\u00f3n de empleos en la ciudad.<\/p>\n\n\n\n<p>Adem\u00e1s, se han implementado Programas de Salud Mental en las Empresas para promover el bienestar de los trabajadores, y la entrega del Distintivo a Empresas Promotoras del Aprendizaje y la Equidad, que reconoce a las que apuestan por la educaci\u00f3n y la igualdad de oportunidades. El Programa de Primer Empleo para Juventudes es otro proyecto importante.<\/p>\n\n\n\n<p>Otros proyectos destacados son la Ruta del Aprendizaje con apoyo de la unidad m\u00f3vil La Chula, y el Pasaporte del Aprendizaje que ofrece incentivos para que las personas sigan aprendiendo y creciendo. La Campa\u00f1a de Difusi\u00f3n: Aprender sin Barreras impulsa la educaci\u00f3n inclusiva, y los Embajadores del Aprendizaje lo llevan a sus comunidades.<\/p>\n\n\n\n<p>Mediante el Centro Municipal de Emprendedores, se ofrecen cursos de capacitaci\u00f3n empresarial y programas de aprendizaje para el empleo, contribuyendo al crecimiento y desarrollo de la ciudad.<\/p>\n\n\n\n<p>Cecilia Patr\u00f3n enfatiz\u00f3 que la justicia social es un objetivo clave para la administraci\u00f3n municipal, y el aprendizaje permanente es fundamental para lograrla, por lo que desde el Ayuntamiento se impulsan espacios que incluyen programas, proyectos y pol\u00edticas p\u00fablicas que generan resultados concretos y equitativos para la poblaci\u00f3n.<\/p>\n\n\n\n<p>Record\u00f3 que en 2024, la Unesco reconoci\u00f3 a M\u00e9rida por su liderazgo en promover el aprendizaje inclusivo y de calidad en todas las etapas y entornos de la vida. De esta manera, la ciudad se integr\u00f3 a la Red Mundial de Ciudades del Aprendizaje y recibi\u00f3 de la Unesco un reconocimiento dentro de la Red de Ciudades del Aprendizaje, por la estrategia \u00abM\u00e9rida Ta W\u00e9etel\u00bb (M\u00e9rida Contigo), que se impulsa desde el Instituto Municipal para el Fortalecimiento de la Cultura Maya.<\/p>\n\n\n\n<p>\u201cEstamos buscando desde luego tener una ciudad con justicia social, definitivamente no hay mejor forma de generar el piso parejo, el que nadie se nos quede atr\u00e1s, y esto es un trabajo en equipo, que trasciende a las aulas y que se vive en la vida cotidiana, en cada momento de nuestro avanzado\u201d, finaliz\u00f3.<\/p>\n\n\n\n<p>Tambi\u00e9n estuvieron presentes Karla Berr\u00f3n C\u00e1mara, directora de Identidad y Cultura del Ayuntamiento de M\u00e9rida, y Adri\u00e1n Hern\u00e1ndez, Coordinador T\u00e9cnico de la Red de Ciudades del Aprendizaje de M\u00e9xico, la diputada Zhazil M\u00e9ndez Hern\u00e1ndez y los integrantes del Comit\u00e9 de M\u00e9rida Ciudad del Aprendizaje.<\/p>\n","protected":false},"excerpt":{"rendered":"<p>M\u00c9RIDA, Yucat\u00e1n.- M\u00e9rida se consolida como un referente en educaci\u00f3n y aprendizaje a nivel nacional, con la presidencia de la Red de Ciudades del Aprendizaje de M\u00e9xico de la Unesco<\/p>\n","protected":false},"author":2,"featured_media":137837,"comment_status":"open","ping_status":"open","sticky":false,"template":"","format":"standard","meta":{"jetpack_post_was_ever_published":false,"_jetpack_newsletter_access":"","_jetpack_dont_email_post_to_subs":false,"_jetpack_newsletter_tier_id":0,"_jetpack_memberships_contains_paywalled_content":false,"_jetpack_memberships_contains_paid_content":false,"footnotes":"","jetpack_publicize_message":"","jetpack_publicize_feature_enabled":true,"jetpack_social_post_already_shared":true,"jetpack_social_options":{"image_generator_settings":{"template":"highway","default_image_id":0,"font":"","enabled":false},"version":2}},"categories":[14],"tags":[],"class_list":["post-137835","post","type-post","status-publish","format-standard","has-post-thumbnail","hentry","category-merida"],"jetpack_publicize_connections":[],"jetpack_featured_media_url":"https:\/\/formalprision.com\/wp-content\/uploads\/2026\/01\/WhatsApp-Image-2026-01-21-at-4.02.50-PM1.jpeg","jetpack_sharing_enabled":true,"jetpack_shortlink":"https:\/\/wp.me\/p6id8p-zR9","_links":{"self":[{"href":"https:\/\/formalprision.com\/index.php?rest_route=\/wp\/v2\/posts\/137835","targetHints":{"allow":["GET"]}}],"collection":[{"href":"https:\/\/formalprision.com\/index.php?rest_route=\/wp\/v2\/posts"}],"about":[{"href":"https:\/\/formalprision.com\/index.php?rest_route=\/wp\/v2\/types\/post"}],"author":[{"embeddable":true,"href":"https:\/\/formalprision.com\/index.php?rest_route=\/wp\/v2\/users\/2"}],"replies":[{"embeddable":true,"href":"https:\/\/formalprision.com\/index.php?rest_route=%2Fwp%2Fv2%2Fcomments&post=137835"}],"version-history":[{"count":1,"href":"https:\/\/formalprision.com\/index.php?rest_route=\/wp\/v2\/posts\/137835\/revisions"}],"predecessor-version":[{"id":137836,"href":"https:\/\/formalprision.com\/index.php?rest_route=\/wp\/v2\/posts\/137835\/revisions\/137836"}],"wp:featuredmedia":[{"embeddable":true,"href":"https:\/\/formalprision.com\/index.php?rest_route=\/wp\/v2\/media\/137837"}],"wp:attachment":[{"href":"https:\/\/formalprision.com\/index.php?rest_route=%2Fwp%2Fv2%2Fmedia&parent=137835"}],"wp:term":[{"taxonomy":"category","embeddable":true,"href":"https:\/\/formalprision.com\/index.php?rest_route=%2Fwp%2Fv2%2Fcategories&post=137835"},{"taxonomy":"post_tag","embeddable":true,"href":"https:\/\/formalprision.com\/index.php?rest_route=%2Fwp%2Fv2%2Ftags&post=137835"}],"curies":[{"name":"wp","href":"https:\/\/api.w.org\/{rel}","templated":true}]}}