{"id":137841,"date":"2026-01-21T19:33:32","date_gmt":"2026-01-22T00:33:32","guid":{"rendered":"https:\/\/formalprision.com\/?p=137841"},"modified":"2026-01-21T23:31:02","modified_gmt":"2026-01-22T04:31:02","slug":"por-prejuicios-crucificaron-a-los-padres-de-tadeo","status":"publish","type":"post","link":"https:\/\/formalprision.com\/?p=137841","title":{"rendered":"Por prejuicios crucificaron a los padres de Tadeo"},"content":{"rendered":"\n<p>La injusta crucifixi\u00f3n de los padres de Tadeo en la Francisco I. Madero: \u200bEl prejuicio de la gente y sus falsas acusaciones.<\/p>\n\n\n\n<p>\u200bLa muerte del peque\u00f1o Tadeo en la colonia Francisco I. Madero no solo es una tragedia que deber\u00eda rompernos el coraz\u00f3n como sociedad, sino que ha sacado a la luz lo peor de mucha gente que, sin conocer la realidad, se ha dedicado a \u00abcrucificar\u00bb a una familia que hoy est\u00e1 destrozada.<\/p>\n\n\n\n<p>Es muy f\u00e1cil se\u00f1alar desde afuera y decir que los padres eran bebedores o que el ni\u00f1o sufr\u00eda maltrato solo porque ven a una familia con falta de dinero o que vive en condiciones de marginaci\u00f3n, pero la realidad es que todo eso son puros chismes alimentados por el prejuicio y la falta de empat\u00eda de quienes juzgan sin saber.<\/p>\n\n\n\n<p>\u200bLa gente ha hablado de m\u00e1s, inventando historias de vicios y descuido que no tienen ning\u00fan fundamento real.<\/p>\n\n\n\n<p>Lo que muchos no saben, o no quieren ver por estar cegados por sus prejuicios, es que la familia luchaba todos los d\u00edas contra una situaci\u00f3n econ\u00f3mica muy dif\u00edcil y, sobre todo, contra los problemas de salud reales que el ni\u00f1o ya tra\u00eda, como su padecimiento de una f\u00edstula traqueal.<\/p>\n\n\n\n<p>No se trataba de falta de amor o de padres que prefer\u00edan el alcohol, como se anda diciendo maliciosamente por ah\u00ed; se trataba de una familia humilde enfrentando una enfermedad complicada con lo poco que ten\u00edan a la mano.<\/p>\n\n\n\n<p>\u200bEs doloroso ver c\u00f3mo la falta de recursos y de cultura de algunos sectores se convierte en un arma para atacar a quienes ya perdieron lo m\u00e1s valioso que ten\u00edan.<\/p>\n\n\n\n<p>Mientras algunos se llenan la boca diciendo que eran maltratadores, hay otras personas que s\u00ed los conocen de cerca y que afirman que todo eso es una completa mentira, que los padres siempre estuvieron ah\u00ed para su hijo a pesar de las carencias.<\/p>\n\n\n\n<p>Ya basta de juzgar a las personas por su apariencia o por no tener dinero; la pobreza no te hace un criminal ni te quita el derecho de llorar a tu hijo sin que la gente te est\u00e9 apedreando con calumnias.<\/p>\n\n\n\n<p>Antes de repetir un chisme que ensucia la imagen de estos padres, hay que entender que detr\u00e1s de esta tragedia hay un dolor real que la desinformaci\u00f3n y el prejuicio social solo hacen m\u00e1s grande.<\/p>\n","protected":false},"excerpt":{"rendered":"<p>La injusta crucifixi\u00f3n de los padres de Tadeo en la Francisco I. Madero: \u200bEl prejuicio de la gente y sus falsas acusaciones. \u200bLa muerte del peque\u00f1o Tadeo en la colonia<\/p>\n","protected":false},"author":2,"featured_media":137843,"comment_status":"open","ping_status":"open","sticky":false,"template":"","format":"standard","meta":{"jetpack_post_was_ever_published":false,"_jetpack_newsletter_access":"","_jetpack_dont_email_post_to_subs":false,"_jetpack_newsletter_tier_id":0,"_jetpack_memberships_contains_paywalled_content":false,"_jetpack_memberships_contains_paid_content":false,"footnotes":"","jetpack_publicize_message":"","jetpack_publicize_feature_enabled":true,"jetpack_social_post_already_shared":true,"jetpack_social_options":{"image_generator_settings":{"template":"highway","default_image_id":0,"font":"","enabled":false},"version":2}},"categories":[14],"tags":[],"class_list":["post-137841","post","type-post","status-publish","format-standard","has-post-thumbnail","hentry","category-merida"],"jetpack_publicize_connections":[],"jetpack_featured_media_url":"https:\/\/formalprision.com\/wp-content\/uploads\/2026\/01\/tadeo.jpg","jetpack_sharing_enabled":true,"jetpack_shortlink":"https:\/\/wp.me\/p6id8p-zRf","_links":{"self":[{"href":"https:\/\/formalprision.com\/index.php?rest_route=\/wp\/v2\/posts\/137841","targetHints":{"allow":["GET"]}}],"collection":[{"href":"https:\/\/formalprision.com\/index.php?rest_route=\/wp\/v2\/posts"}],"about":[{"href":"https:\/\/formalprision.com\/index.php?rest_route=\/wp\/v2\/types\/post"}],"author":[{"embeddable":true,"href":"https:\/\/formalprision.com\/index.php?rest_route=\/wp\/v2\/users\/2"}],"replies":[{"embeddable":true,"href":"https:\/\/formalprision.com\/index.php?rest_route=%2Fwp%2Fv2%2Fcomments&post=137841"}],"version-history":[{"count":1,"href":"https:\/\/formalprision.com\/index.php?rest_route=\/wp\/v2\/posts\/137841\/revisions"}],"predecessor-version":[{"id":137842,"href":"https:\/\/formalprision.com\/index.php?rest_route=\/wp\/v2\/posts\/137841\/revisions\/137842"}],"wp:featuredmedia":[{"embeddable":true,"href":"https:\/\/formalprision.com\/index.php?rest_route=\/wp\/v2\/media\/137843"}],"wp:attachment":[{"href":"https:\/\/formalprision.com\/index.php?rest_route=%2Fwp%2Fv2%2Fmedia&parent=137841"}],"wp:term":[{"taxonomy":"category","embeddable":true,"href":"https:\/\/formalprision.com\/index.php?rest_route=%2Fwp%2Fv2%2Fcategories&post=137841"},{"taxonomy":"post_tag","embeddable":true,"href":"https:\/\/formalprision.com\/index.php?rest_route=%2Fwp%2Fv2%2Ftags&post=137841"}],"curies":[{"name":"wp","href":"https:\/\/api.w.org\/{rel}","templated":true}]}}