{"id":137860,"date":"2026-01-22T19:20:20","date_gmt":"2026-01-23T00:20:20","guid":{"rendered":"https:\/\/formalprision.com\/?p=137860"},"modified":"2026-01-23T12:47:33","modified_gmt":"2026-01-23T17:47:33","slug":"presenta-cecilia-patron-el-anteproyecto-del-centro-municipal-de-autismo-en-merida","status":"publish","type":"post","link":"https:\/\/formalprision.com\/?p=137860","title":{"rendered":"Presenta Cecilia Patr\u00f3n el anteproyecto del Centro Municipal de Autismo en M\u00e9rida"},"content":{"rendered":"\n<p>M\u00e9rida dar\u00e1 un gran paso al contar con el primer Centro Municipal de Autismo, anunci\u00f3 la presidenta municipal Cecilia Patr\u00f3n Laviada al presentar a representantes de la comunidad neurodivergente el anteproyecto de este espacio que permitir\u00e1 dar servicios de manera accesible y profesional para plenitud de muchas familias meridanas.<\/p>\n\n\n\n<p>\u201cEn este nuevo centro de atenci\u00f3n municipal, que estar\u00e1 ubicado al oriente de la ciudad, se atender\u00e1 a infancias, j\u00f3venes y adultos, entendiendo que hay una necesidad muy grande. Ser\u00e1 el primer modelo y lo iremos adaptando y ampliando, buscando que sea sostenible para garantizar su permanencia\u201d, afirm\u00f3 la mun\u00edcipe.<\/p>\n\n\n\n<p>Fue una primera reuni\u00f3n para socializar el proyecto sostenible que se est\u00e1 construyendo de la mano con la sociedad civil y diferentes organizaciones y actores involucrados en el tema, escuchando necesidades reales y respondiendo a ellas para seguir avanzando hacia una M\u00e9rida m\u00e1s justa e incluyente<\/p>\n\n\n\n<p>La mun\u00edcipe resalt\u00f3 que este proyecto es reflejo del equipo que se realiza con diputadas y diputados locales, quienes recientemente aprobaron la Ley para la Atenci\u00f3n e Inclusi\u00f3n de Personas Autistas, que busca garantizar derechos b\u00e1sicos como salud, educaci\u00f3n y empleo, adem\u00e1s de crear espacios para la atenci\u00f3n de este sector.<\/p>\n\n\n\n<figure class=\"wp-block-image\"><img decoding=\"async\" src=\"https:\/\/elchismografoenlared.com\/wp-content\/uploads\/2026\/01\/WhatsApp-Image-2026-01-22-at-3.37.43-PM.jpeg\" alt=\"\" class=\"wp-image-67264\" \/><\/figure>\n\n\n\n<p>Siendo el municipio de M\u00e9rida un aliado en esta lucha, el Centro Municipal de Autismo cuenta con un presupuesto autorizado para el ejercicio fiscal 2026, con una inversi\u00f3n de 3.5 millones de pesos y ser\u00e1 operado por personal del DIF Municipal. Al igual, se prev\u00e9 su inauguraci\u00f3n el pr\u00f3ximo 2 de abril, en el marco del D\u00eda Mundial de la Concienciaci\u00f3n sobre el Autismo.<\/p>\n\n\n\n<p>Contar\u00e1 con dos espacios nuevos, el Gimnasio Terap\u00e9utico Sensorial, dise\u00f1ado para ayudar a las personas a procesar y organizar la informaci\u00f3n sensorial de manera m\u00e1s efectiva y promover que el cerebro pueda generar respuestas adaptativas acordes al contexto, favoreciendo as\u00ed el aprendizaje y neuroplasticidad para mejorar el procesamiento sensorial, la socializaci\u00f3n o estimulaci\u00f3n cognitiva, entre otras.<\/p>\n\n\n\n<p>Adem\u00e1s tendr\u00e1 un Cuarto de Estimulaci\u00f3n M\u00faltiple Sensorial que proporcionar\u00e1 una variedad de est\u00edmulos sensoriales controlados que promueven la exploraci\u00f3n sensorial y el bienestar general, que se utilizan principalmente en terapias para autismo y otras neurodivergencias para favorecer el logro de objetivos como la interacci\u00f3n y comunicaci\u00f3n, estimular los sentidos o favorecer el desarrollo y funcionamiento psicomotor, entre otros beneficios.<\/p>\n\n\n\n<p>El objetivo principal es atender y prevenir desde la primera infancia, contribuyendo a que las futuras generaciones de adolescentes y personas adultas neurodivergentes logren una integraci\u00f3n plena en la sociedad.<\/p>\n\n\n\n<p>Se espera se consolide como referente municipal en atenci\u00f3n a la ni\u00f1ez neurodivergente y contemplar\u00e1 atenci\u00f3n a diversos grupos etarios, ampliando su cobertura a personas adultas con autismo.<\/p>\n\n\n\n<p>Estar\u00e1 donde actualmente funciona el Centro de Atenci\u00f3n Terap\u00e9utica del Neurodesarrollo Infantil (CATENDI) que ofrece servicios de atenci\u00f3n terap\u00e9utica individualizada a ni\u00f1as y ni\u00f1os de entre 3 y 10 a\u00f1os 11 meses con trastornos del neurodesarrollo, como TEA, TDAH, Discapacidad Intelectual, Trastornos del Aprendizaje y de la Comunicaci\u00f3n, as\u00ed como dificultades de integraci\u00f3n sensorial y motriz.<\/p>\n\n\n\n<p>Cuenta con servicios especializados en terapia de lenguaje, psicolog\u00eda cl\u00ednica y educativa, psicopedagog\u00eda y asesor\u00eda parental para las primeras infancias, y el nuevo centro en las mismas instalaciones dar\u00e1 paso a la siguiente etapa desarrollo de este sector de la poblaci\u00f3n.<\/p>\n\n\n\n<p>Se proyecta que, con estas nuevas \u00e1reas, tendr\u00e1 una capacidad de atenci\u00f3n para 12 mil servicios anuales en beneficio de 400 ni\u00f1as y ni\u00f1os, m\u00e1s del doble de la atenci\u00f3n actual que se brinda en el CATENDI.<\/p>\n\n\n\n<p>\u201cSepan que el orden con el que dise\u00f1amos la ciudad es resultado de las buenas pr\u00e1cticas ciudadanas que se reflejan en m\u00e1s oportunidades para la gente, y este proyecto que construiremos junto con ustedes, referente en atenci\u00f3n a las personas con autismo y neurodivergencia, s\u00f3lo es el primer paso a una M\u00e9rida m\u00e1s inclusiva, resiliente y que se gobierna escuchando a su gente\u201d, a\u00f1adi\u00f3 la alcaldesa.<\/p>\n\n\n\n<p>Estuvieron presentes los diputados locales Mar\u00eda Teresa Boehm Calero, Zhazil M\u00e9ndez Hern\u00e1ndez y David Valdez Jim\u00e9nez, junto con Flora Zapata Mendiolea, coordinadora general de Justicia Social y Desarrollo Humano, Jorge Luis Avil\u00e9s Lizama, Secretario T\u00e9cnico de Planeaci\u00f3n, Seguimiento y Evaluaci\u00f3n y el director de Desarrollo Integral de la Familia de M\u00e9rida, Gerardo L\u00f3pez Fern\u00e1ndez.<\/p>\n","protected":false},"excerpt":{"rendered":"<p>M\u00e9rida dar\u00e1 un gran paso al contar con el primer Centro Municipal de Autismo, anunci\u00f3 la presidenta municipal Cecilia Patr\u00f3n Laviada al presentar a representantes de la comunidad neurodivergente el<\/p>\n","protected":false},"author":2,"featured_media":137861,"comment_status":"open","ping_status":"open","sticky":false,"template":"","format":"standard","meta":{"jetpack_post_was_ever_published":false,"_jetpack_newsletter_access":"","_jetpack_dont_email_post_to_subs":false,"_jetpack_newsletter_tier_id":0,"_jetpack_memberships_contains_paywalled_content":false,"_jetpack_memberships_contains_paid_content":false,"footnotes":"","jetpack_publicize_message":"","jetpack_publicize_feature_enabled":true,"jetpack_social_post_already_shared":true,"jetpack_social_options":{"image_generator_settings":{"template":"highway","default_image_id":0,"font":"","enabled":false},"version":2}},"categories":[54],"tags":[],"class_list":["post-137860","post","type-post","status-publish","format-standard","has-post-thumbnail","hentry","category-yucatan"],"jetpack_publicize_connections":[],"jetpack_featured_media_url":"https:\/\/formalprision.com\/wp-content\/uploads\/2026\/01\/WhatsApp-Image-2026-01-22-at-3.37.45-PM.jpeg","jetpack_sharing_enabled":true,"jetpack_shortlink":"https:\/\/wp.me\/p6id8p-zRy","_links":{"self":[{"href":"https:\/\/formalprision.com\/index.php?rest_route=\/wp\/v2\/posts\/137860","targetHints":{"allow":["GET"]}}],"collection":[{"href":"https:\/\/formalprision.com\/index.php?rest_route=\/wp\/v2\/posts"}],"about":[{"href":"https:\/\/formalprision.com\/index.php?rest_route=\/wp\/v2\/types\/post"}],"author":[{"embeddable":true,"href":"https:\/\/formalprision.com\/index.php?rest_route=\/wp\/v2\/users\/2"}],"replies":[{"embeddable":true,"href":"https:\/\/formalprision.com\/index.php?rest_route=%2Fwp%2Fv2%2Fcomments&post=137860"}],"version-history":[{"count":2,"href":"https:\/\/formalprision.com\/index.php?rest_route=\/wp\/v2\/posts\/137860\/revisions"}],"predecessor-version":[{"id":137863,"href":"https:\/\/formalprision.com\/index.php?rest_route=\/wp\/v2\/posts\/137860\/revisions\/137863"}],"wp:featuredmedia":[{"embeddable":true,"href":"https:\/\/formalprision.com\/index.php?rest_route=\/wp\/v2\/media\/137861"}],"wp:attachment":[{"href":"https:\/\/formalprision.com\/index.php?rest_route=%2Fwp%2Fv2%2Fmedia&parent=137860"}],"wp:term":[{"taxonomy":"category","embeddable":true,"href":"https:\/\/formalprision.com\/index.php?rest_route=%2Fwp%2Fv2%2Fcategories&post=137860"},{"taxonomy":"post_tag","embeddable":true,"href":"https:\/\/formalprision.com\/index.php?rest_route=%2Fwp%2Fv2%2Ftags&post=137860"}],"curies":[{"name":"wp","href":"https:\/\/api.w.org\/{rel}","templated":true}]}}