{"id":137867,"date":"2026-01-22T20:44:32","date_gmt":"2026-01-23T01:44:32","guid":{"rendered":"https:\/\/formalprision.com\/?p=137867"},"modified":"2026-01-24T12:03:05","modified_gmt":"2026-01-24T17:03:05","slug":"merida-continua-con-amplia-oferta-artistica-y-cultural","status":"publish","type":"post","link":"https:\/\/formalprision.com\/?p=137867","title":{"rendered":"M\u00e9rida contin\u00faa con amplia oferta art\u00edstica y cultural"},"content":{"rendered":"\n<p>M\u00c9RIDA, Yucat\u00e1n.- La comunidad art\u00edstica de M\u00e9rida sigue activa con proyectos que fortalecen la oferta cultural e identitaria para todas y todos. Este fin de semana habr\u00e1 teatro, m\u00fasica, cine familiar, talleres infantiles, marat\u00f3n de baile y eventos tradicionales.<\/p>\n\n\n\n<p>El Centro Cultural Olimpo ser\u00e1 sede este s\u00e1bado 24 de la presentaci\u00f3n de \u201cEl Colibr\u00ed\u201d de Gonzalo Alfons\u00edn, obra ganadora en el VIII Festival Internacional de Mon\u00f3logos Casa Tanicho, realizado en el marco del M\u00e9rida Fest 2026.<\/p>\n\n\n\n<p>El mon\u00f3logo, que tambi\u00e9n le vali\u00f3 a Alfons\u00edn el premio como mejor actor durante el festival, se presenta a las 7 de la noche. La cuota de recuperaci\u00f3n es de $130 pesos la entrada general, y $90 pesos para infancias y personal con credencial del Inapam.<\/p>\n\n\n\n<p>La obra es una historia personal del artista, oriundo de Argentina, un viaje por Am\u00e9rica y por el interior de cada uno y fue creada para volverse universal para el festival.<\/p>\n\n\n\n<p>Por otro lado, la Orquesta Infantil y Juvenil del Ayuntamiento repetir\u00e1 este fin de semana el concierto \u00a1Juega la Orquesta: De la Pantalla al Nintendo!, mismo que tambi\u00e9n ofreci\u00f3 durante el M\u00e9rida Fest 2026. Bajo la direcci\u00f3n del maestro David Silva Monje, el concierto tem\u00e1tico re\u00fane m\u00fasica de cine y videojuegos y es una forma de mostrar el talento, formaci\u00f3n y destreza musical de las y los&nbsp; integrantes de la orquesta.<\/p>\n\n\n\n<p>El repertorio incluir\u00e1 temas de pel\u00edculas como \u201cAvengers\u201d, \u201cPiratas del Caribe\u201d, \u201cPeaches\u201d, \u201cZelda\u201d, \u201cHalo Theme\u201d, \u201cMinecraft y \u201cSuper Mario Bros Theme\u201d. El concierto se podr\u00e1 escuchar el domingo 25, en el Centro Cultural Olimpo a las 5 de la tarde. Es apto para toda la familia y la entrada es libre.<\/p>\n\n\n\n<p>El Centro Cultural del Sur contin\u00faa con su ciclo semanal de cine, con funciones gratuitas aptas para toda la familia, que ofrece momentos de convivencia familiar. Las proyecciones inician a las 4 y 6 de la tarde.<\/p>\n\n\n\n<p>Como cada fin de mes, el programa \u201cM\u00e9rida en Domingo\u201d tendr\u00e1 el Marat\u00f3n de Baile de la mano con las agrupaciones locales Explosi\u00f3n Tropical y KFE a partir de las 5 de la tarde, frente al Palacio Municipal.<\/p>\n\n\n\n<p>La programaci\u00f3n art\u00edstica dominical inicia desde las 11 de la ma\u00f1ana con espect\u00e1culos infantiles, el Ballet Folcl\u00f3rico Jaguares Danzantes y la comicidad regional de Micaela Galera.<\/p>\n\n\n\n<p>CHARLA INFORMATIVA DE FONDOS MUNICIPALES<\/p>\n\n\n\n<p>Por otro lado, la comunidad art\u00edstica interesada en compartir su talento, todav\u00eda pueden aplicar a la convocatoria de los Fondos Municipales para Creadores con Trayectoria y J\u00f3venes Creadores 2026. Ambas convocatorias impulsan la cultura, la creatividad y el talento local y abrieron en diciembre pasado.&nbsp;<\/p>\n\n\n\n<p>En esta edici\u00f3n el registro es en l\u00ednea y las fechas finales para inscribir proyectos ser\u00e1n en febrero. Para J\u00f3venes Creadores los d\u00edas 4 (en las disciplinas M\u00fasica, Artes Circenses e Interdisciplina), 5 (Teatro, Danza, Cine y Videoarte) y 6 (Pintura, Escultura, Fotograf\u00eda, Gr\u00e1fica, Dibujo, Instalaci\u00f3n e Ilustraci\u00f3n). En el caso de los Creadores con Trayectoria ser\u00e1n los d\u00edas 11, 12 y 13, en las mismas disciplinas.<\/p>\n\n\n\n<p>Para quienes tienen dudas queda una charla informativa, el pr\u00f3ximo jueves 29 de enero, en la Videosala del Centro Cultural Olimpo, a las 5 de la tarde.<\/p>\n\n\n\n<p>El fin de semana tambi\u00e9n se podr\u00e1n visitar las nuevas exposiciones con obras de Manuel Lizama y Raymundo Mart\u00edn en el Olimpo; la \u201cColecci\u00f3n MACAY\u201d en el Museo de la Ciudad; un centenar de obras y dibujos de Fernando Castro Pacheco en el centro cultural que lleva su nombre, y la propuesta pict\u00f3rica de Narciso Couoh en el Centro Cultural Jos\u00e9 Mart\u00ed. El acceso es libre a todos los centros culturales.<\/p>\n\n\n\n<p>La cartelera completa de actividades art\u00edsticas puede consultarse en www.merida.gob.mx\/cultura<\/p>\n","protected":false},"excerpt":{"rendered":"<p>M\u00c9RIDA, Yucat\u00e1n.- La comunidad art\u00edstica de M\u00e9rida sigue activa con proyectos que fortalecen la oferta cultural e identitaria para todas y todos. Este fin de semana habr\u00e1 teatro, m\u00fasica, cine<\/p>\n","protected":false},"author":2,"featured_media":137869,"comment_status":"open","ping_status":"open","sticky":false,"template":"","format":"standard","meta":{"jetpack_post_was_ever_published":false,"_jetpack_newsletter_access":"","_jetpack_dont_email_post_to_subs":false,"_jetpack_newsletter_tier_id":0,"_jetpack_memberships_contains_paywalled_content":false,"_jetpack_memberships_contains_paid_content":false,"footnotes":"","jetpack_publicize_message":"","jetpack_publicize_feature_enabled":true,"jetpack_social_post_already_shared":true,"jetpack_social_options":{"image_generator_settings":{"template":"highway","default_image_id":0,"font":"","enabled":false},"version":2}},"categories":[14],"tags":[],"class_list":["post-137867","post","type-post","status-publish","format-standard","has-post-thumbnail","hentry","category-merida"],"jetpack_publicize_connections":[],"jetpack_featured_media_url":"https:\/\/formalprision.com\/wp-content\/uploads\/2026\/01\/WhatsApp-Image-2026-01-22-at-5.54.21-PM.jpeg","jetpack_sharing_enabled":true,"jetpack_shortlink":"https:\/\/wp.me\/p6id8p-zRF","_links":{"self":[{"href":"https:\/\/formalprision.com\/index.php?rest_route=\/wp\/v2\/posts\/137867","targetHints":{"allow":["GET"]}}],"collection":[{"href":"https:\/\/formalprision.com\/index.php?rest_route=\/wp\/v2\/posts"}],"about":[{"href":"https:\/\/formalprision.com\/index.php?rest_route=\/wp\/v2\/types\/post"}],"author":[{"embeddable":true,"href":"https:\/\/formalprision.com\/index.php?rest_route=\/wp\/v2\/users\/2"}],"replies":[{"embeddable":true,"href":"https:\/\/formalprision.com\/index.php?rest_route=%2Fwp%2Fv2%2Fcomments&post=137867"}],"version-history":[{"count":1,"href":"https:\/\/formalprision.com\/index.php?rest_route=\/wp\/v2\/posts\/137867\/revisions"}],"predecessor-version":[{"id":137868,"href":"https:\/\/formalprision.com\/index.php?rest_route=\/wp\/v2\/posts\/137867\/revisions\/137868"}],"wp:featuredmedia":[{"embeddable":true,"href":"https:\/\/formalprision.com\/index.php?rest_route=\/wp\/v2\/media\/137869"}],"wp:attachment":[{"href":"https:\/\/formalprision.com\/index.php?rest_route=%2Fwp%2Fv2%2Fmedia&parent=137867"}],"wp:term":[{"taxonomy":"category","embeddable":true,"href":"https:\/\/formalprision.com\/index.php?rest_route=%2Fwp%2Fv2%2Fcategories&post=137867"},{"taxonomy":"post_tag","embeddable":true,"href":"https:\/\/formalprision.com\/index.php?rest_route=%2Fwp%2Fv2%2Ftags&post=137867"}],"curies":[{"name":"wp","href":"https:\/\/api.w.org\/{rel}","templated":true}]}}