{"id":137870,"date":"2026-01-22T21:23:10","date_gmt":"2026-01-23T02:23:10","guid":{"rendered":"https:\/\/formalprision.com\/?p=137870"},"modified":"2026-01-23T12:46:13","modified_gmt":"2026-01-23T17:46:13","slug":"supervisan-avances-del-hospital-de-ticul-y-el-del-imss-en-francisco-de-montejo","status":"publish","type":"post","link":"https:\/\/formalprision.com\/?p=137870","title":{"rendered":"Supervisan avances del Hospital de Ticul y el del IMSS en Francisco de Montejo"},"content":{"rendered":"\n<p>Ticul, Yucat\u00e1n, a 22 de enero de 2026<br>\u00d1.-El gobernador Joaqu\u00edn D\u00edaz Mena y el director del Instituto Mexicano del Seguro Social (IMSS), Zo\u00e9 Robledo Aburto, supervisaron la obra del Hospital General de Ticul, proyecto que fortalecer\u00e1 la atenci\u00f3n m\u00e9dica en la regi\u00f3n sur de Yucat\u00e1n.<br>&nbsp;<br>La obra ser\u00e1 reanudada pr\u00f3ximamente con el apoyo de ingenieros de la Secretar\u00eda de la Defensa Nacional, luego de haber sido recuperada por el IMSS, con el objetivo de garantizar su conclusi\u00f3n y puesta en operaci\u00f3n.<br>&nbsp;<br>D\u00edaz Mena destac\u00f3 que la reanudaci\u00f3n de este hospital representa un motivo de optimismo para los yucatecos, especialmente al tratarse de un proyecto prioritario dentro de la estrategia estatal que establece a 2026 como el A\u00f1o de la Salud en Yucat\u00e1n.<br>&nbsp;<br>Por su parte, Robledo Aburto destac\u00f3 la relevancia del Hospital de Ticul para las familias de este municipio y de toda la zona sur del estado, al tiempo que refrend\u00f3 su disposici\u00f3n de trabajar de manera coordinada con el Gobierno del Estado, el ayuntamiento local y los ingenieros militares, a fin de concretar esta obra en beneficio de la poblaci\u00f3n.<br>&nbsp;<br>El funcionario federal explic\u00f3 que actualmente se trabaja en un plan para recuperar lo ya construido, luego de que el proyecto se viera interrumpido por una terminaci\u00f3n anticipada del contrato en su etapa final. En breve se estar\u00e1n informando los tiempos estimados para el reinicio de los trabajos y la puesta en marcha de operaciones.<br>&nbsp;<br>De acuerdo con el proyecto, el Hospital de Ticul contar\u00e1 con una capacidad de 70 camas de hospitalizaci\u00f3n y ofrecer\u00e1 diversas especialidades, entre ellas medicina interna, cirug\u00eda general, nefrolog\u00eda, ginecolog\u00eda, ortopedia y traumatolog\u00eda.<br>&nbsp;<br>Asimismo, dispondr\u00e1 de cl\u00ednicas de Heridas, Estomas y Pie Diab\u00e9tico; Cat\u00e9ter; y Mama; una unidad de cuidados intensivos para pacientes en estado cr\u00edtico; as\u00ed como servicios de medicina f\u00edsica y rehabilitaci\u00f3n, laboratorios de an\u00e1lisis cl\u00ednicos y de f\u00f3rmulas l\u00e1cteas, imagenolog\u00eda, anatom\u00eda patol\u00f3gica, terapia respiratoria, endoscop\u00edas y di\u00e1lisis.<br>&nbsp;<br>Una vez en funcionamiento, este hospital permitir\u00e1 atender a la poblaci\u00f3n del sur de Yucat\u00e1n, que actualmente debe trasladarse a otros municipios o a la ciudad de M\u00e9rida para acceder a servicios m\u00e9dicos especializados, adem\u00e1s de contribuir a disminuir la carga de atenci\u00f3n en los hospitales de la capital del estado.<br>&nbsp;<br>Cabe recordar que el proyecto de construcci\u00f3n de este nosocomio fue rescatado durante la administraci\u00f3n del expresidente Andr\u00e9s Manuel L\u00f3pez Obrador, luego de haber permanecido abandonado durante dos sexenios.<br>&nbsp;<br>Como parte de esta agenda de fortalecimiento de la infraestructura hospitalaria, tambien supervisaron tambi\u00e9n los avances del nuevo hospital del IMSS en el fraccionamiento Francisco de Montejo, en M\u00e9rida.<br>&nbsp;<br>El director general del IMSS inform\u00f3 que el hospital de Francisco de Montejo contar\u00e1 con 10 consultorios de medicina familiar y cinco de medicina especializada, adem\u00e1s de servicios complementarios como rayos X, laboratorio, consultorio dental, salud en el trabajo y un \u00e1rea de admisi\u00f3n m\u00e9dica continua abierta las 24 horas para la atenci\u00f3n de urgencias.<br>&nbsp;<br>El funcionario se\u00f1al\u00f3 la importancia del primer nivel de atenci\u00f3n dentro del sistema IMSS, as\u00ed como el enfoque preventivo que se brindar\u00e1 en esta unidad, con personal especializado en medicina familiar y servicios dise\u00f1ados para atender de manera integral a la poblaci\u00f3n derechohabiente.<br>&nbsp;<br>A\u00f1adi\u00f3 que la inversi\u00f3n destinada a esta obra y su equipamiento es cercana a los 200 millones de pesos y que el hospital operar\u00e1 en turnos matutino y vespertino, adem\u00e1s de fines de semana, lo que permitir\u00e1 que trabajadoras y trabajadores puedan acudir a consulta en horarios accesibles.<br>&nbsp;<br>En su intervenci\u00f3n, el titular del \u00d3rgano de Operaci\u00f3n Administrativa Desconcentrada del IMSS en Yucat\u00e1n, Alonso Juan Sansores R\u00edo, inform\u00f3 que ya se cuenta con el 50% del personal contratado para esta nueva unidad m\u00e9dica, la cual atender\u00e1 a las familias de Francisco de Montejo y Komch\u00e9n, adem\u00e1s de contribuir a redistribuir la demanda que actualmente se concentra en otras cl\u00ednicas de la ciudad.<br>&nbsp;<\/p>\n","protected":false},"excerpt":{"rendered":"<p>Ticul, Yucat\u00e1n, a 22 de enero de 2026\u00d1.-El gobernador Joaqu\u00edn D\u00edaz Mena y el director del Instituto Mexicano del Seguro Social (IMSS), Zo\u00e9 Robledo Aburto, supervisaron la obra del Hospital<\/p>\n","protected":false},"author":1,"featured_media":137871,"comment_status":"open","ping_status":"open","sticky":false,"template":"","format":"standard","meta":{"jetpack_post_was_ever_published":false,"_jetpack_newsletter_access":"","_jetpack_dont_email_post_to_subs":false,"_jetpack_newsletter_tier_id":0,"_jetpack_memberships_contains_paywalled_content":false,"_jetpack_memberships_contains_paid_content":false,"footnotes":"","jetpack_publicize_message":"","jetpack_publicize_feature_enabled":true,"jetpack_social_post_already_shared":true,"jetpack_social_options":{"image_generator_settings":{"template":"highway","default_image_id":0,"font":"","enabled":false},"version":2}},"categories":[54],"tags":[],"class_list":["post-137870","post","type-post","status-publish","format-standard","has-post-thumbnail","hentry","category-yucatan"],"jetpack_publicize_connections":[],"jetpack_featured_media_url":"https:\/\/formalprision.com\/wp-content\/uploads\/2026\/01\/IMG-20260122-WA0117.jpg","jetpack_sharing_enabled":true,"jetpack_shortlink":"https:\/\/wp.me\/p6id8p-zRI","_links":{"self":[{"href":"https:\/\/formalprision.com\/index.php?rest_route=\/wp\/v2\/posts\/137870","targetHints":{"allow":["GET"]}}],"collection":[{"href":"https:\/\/formalprision.com\/index.php?rest_route=\/wp\/v2\/posts"}],"about":[{"href":"https:\/\/formalprision.com\/index.php?rest_route=\/wp\/v2\/types\/post"}],"author":[{"embeddable":true,"href":"https:\/\/formalprision.com\/index.php?rest_route=\/wp\/v2\/users\/1"}],"replies":[{"embeddable":true,"href":"https:\/\/formalprision.com\/index.php?rest_route=%2Fwp%2Fv2%2Fcomments&post=137870"}],"version-history":[{"count":1,"href":"https:\/\/formalprision.com\/index.php?rest_route=\/wp\/v2\/posts\/137870\/revisions"}],"predecessor-version":[{"id":137872,"href":"https:\/\/formalprision.com\/index.php?rest_route=\/wp\/v2\/posts\/137870\/revisions\/137872"}],"wp:featuredmedia":[{"embeddable":true,"href":"https:\/\/formalprision.com\/index.php?rest_route=\/wp\/v2\/media\/137871"}],"wp:attachment":[{"href":"https:\/\/formalprision.com\/index.php?rest_route=%2Fwp%2Fv2%2Fmedia&parent=137870"}],"wp:term":[{"taxonomy":"category","embeddable":true,"href":"https:\/\/formalprision.com\/index.php?rest_route=%2Fwp%2Fv2%2Fcategories&post=137870"},{"taxonomy":"post_tag","embeddable":true,"href":"https:\/\/formalprision.com\/index.php?rest_route=%2Fwp%2Fv2%2Ftags&post=137870"}],"curies":[{"name":"wp","href":"https:\/\/api.w.org\/{rel}","templated":true}]}}