{"id":137886,"date":"2026-01-23T12:38:54","date_gmt":"2026-01-23T17:38:54","guid":{"rendered":"https:\/\/formalprision.com\/?p=137886"},"modified":"2026-01-24T12:03:25","modified_gmt":"2026-01-24T17:03:25","slug":"renacimiento-maya-impulsa-crecimiento-parejo-en-yucatan","status":"publish","type":"post","link":"https:\/\/formalprision.com\/?p=137886","title":{"rendered":"Renacimiento Maya impulsa crecimiento parejo en Yucat\u00e1n"},"content":{"rendered":"\n<p>Kanas\u00edn, Yucat\u00e1n, a 23 de enero de 2026-Al rendir su 1er. Informe de Gobierno en el municipio de Kanas\u00edn, el gobernador Joaqu\u00edn D\u00edaz Mena afirm\u00f3 que su administraci\u00f3n seguir\u00e1 invirtiendo, acompa\u00f1ando y haciendo justicia social para que el crecimiento en Yucat\u00e1n sea equitativo en todos los municipios.<br>\u00a0<br>\u201cEste es el rumbo de nuestro gobierno: avanzar con oportunidades y construir, desde Yucat\u00e1n y desde Kanas\u00edn y sus municipios vecinos, el M\u00e9xico que todas y todos queremos. Sigamos adelante juntos por amor a nuestra tierra; lo mejor para Yucat\u00e1n est\u00e1 por venir. Que nadie nos robe la esperanza\u201d, expres\u00f3 y<br>destac\u00f3 que Kanas\u00edn es clave para el presente y el futuro del estado.<br>L<br>\u00a0<br>Al referirse a los esfuerzos estatales para fortalecer la educaci\u00f3n, el titular del Ejecutivo estatal indic\u00f3 que, en coordinaci\u00f3n con la Federaci\u00f3n, se acerca la educaci\u00f3n superior a donde antes no exist\u00eda, con nuevas universidades p\u00fablicas, como la Universidad Nacional Rosario Castellanos, en Kanas\u00edn, o que se prev\u00e9 estar\u00e1 lista para marzo y contar\u00e1 con 10 nuevas carreras, as\u00ed como la Universidad Tecnol\u00f3gica del Mar, en Progreso.<br>\u00a0<br>Adem\u00e1s, indic\u00f3 que el Congreso del Estado aprob\u00f3 la declaratoria de la zona metropolitana de M\u00e9rida, a fin de contribuir a que esta regi\u00f3n tenga servicios dignos, colonias m\u00e1s seguras y un desarrollo parejo para sus familias.<br>\u00a0<br>Durante su mensaje, el mandatario estatal enumer\u00f3 las obras sociales que se realizan en los municipios de la regi\u00f3n y reafirm\u00f3 que, cuando la infraestructura regresa al territorio, regresa la justicia social. (Comunicado de Prensa)<br>\u00a0<\/p>\n","protected":false},"excerpt":{"rendered":"<p>Kanas\u00edn, Yucat\u00e1n, a 23 de enero de 2026-Al rendir su 1er. Informe de Gobierno en el municipio de Kanas\u00edn, el gobernador Joaqu\u00edn D\u00edaz Mena afirm\u00f3 que su administraci\u00f3n seguir\u00e1 invirtiendo,<\/p>\n","protected":false},"author":1,"featured_media":137887,"comment_status":"open","ping_status":"open","sticky":false,"template":"","format":"standard","meta":{"jetpack_post_was_ever_published":false,"_jetpack_newsletter_access":"","_jetpack_dont_email_post_to_subs":false,"_jetpack_newsletter_tier_id":0,"_jetpack_memberships_contains_paywalled_content":false,"_jetpack_memberships_contains_paid_content":false,"footnotes":"","jetpack_publicize_message":"","jetpack_publicize_feature_enabled":true,"jetpack_social_post_already_shared":true,"jetpack_social_options":{"image_generator_settings":{"template":"highway","default_image_id":0,"font":"","enabled":false},"version":2}},"categories":[14,17],"tags":[],"class_list":["post-137886","post","type-post","status-publish","format-standard","has-post-thumbnail","hentry","category-merida","category-politica-y-gobierno"],"jetpack_publicize_connections":[],"jetpack_featured_media_url":"https:\/\/formalprision.com\/wp-content\/uploads\/2026\/01\/IMG-20260123-WA0030.jpg","jetpack_sharing_enabled":true,"jetpack_shortlink":"https:\/\/wp.me\/p6id8p-zRY","_links":{"self":[{"href":"https:\/\/formalprision.com\/index.php?rest_route=\/wp\/v2\/posts\/137886","targetHints":{"allow":["GET"]}}],"collection":[{"href":"https:\/\/formalprision.com\/index.php?rest_route=\/wp\/v2\/posts"}],"about":[{"href":"https:\/\/formalprision.com\/index.php?rest_route=\/wp\/v2\/types\/post"}],"author":[{"embeddable":true,"href":"https:\/\/formalprision.com\/index.php?rest_route=\/wp\/v2\/users\/1"}],"replies":[{"embeddable":true,"href":"https:\/\/formalprision.com\/index.php?rest_route=%2Fwp%2Fv2%2Fcomments&post=137886"}],"version-history":[{"count":1,"href":"https:\/\/formalprision.com\/index.php?rest_route=\/wp\/v2\/posts\/137886\/revisions"}],"predecessor-version":[{"id":137888,"href":"https:\/\/formalprision.com\/index.php?rest_route=\/wp\/v2\/posts\/137886\/revisions\/137888"}],"wp:featuredmedia":[{"embeddable":true,"href":"https:\/\/formalprision.com\/index.php?rest_route=\/wp\/v2\/media\/137887"}],"wp:attachment":[{"href":"https:\/\/formalprision.com\/index.php?rest_route=%2Fwp%2Fv2%2Fmedia&parent=137886"}],"wp:term":[{"taxonomy":"category","embeddable":true,"href":"https:\/\/formalprision.com\/index.php?rest_route=%2Fwp%2Fv2%2Fcategories&post=137886"},{"taxonomy":"post_tag","embeddable":true,"href":"https:\/\/formalprision.com\/index.php?rest_route=%2Fwp%2Fv2%2Ftags&post=137886"}],"curies":[{"name":"wp","href":"https:\/\/api.w.org\/{rel}","templated":true}]}}