{"id":137930,"date":"2026-01-25T17:33:21","date_gmt":"2026-01-25T22:33:21","guid":{"rendered":"https:\/\/formalprision.com\/?p=137930"},"modified":"2026-01-26T23:29:10","modified_gmt":"2026-01-27T04:29:10","slug":"ayuntamiento-y-ciudadania-unen-fuerzas-para-rescatar-espacios-verdes-en-las-americas","status":"publish","type":"post","link":"https:\/\/formalprision.com\/?p=137930","title":{"rendered":"Ayuntamiento y ciudadan\u00eda unen fuerzas para rescatar espacios verdes en Las Am\u00e9ricas"},"content":{"rendered":"\n<p>M\u00e9rida, Yucat\u00e1n a domingo 25 de enero de 2026.- Como parte del compromiso de la presidenta municipal Cecilia Patr\u00f3n Laviada de \u00abordenar la casa\u201d para el 2026, la ciudadan\u00eda y el gobierno municipal trabajan juntos en comunidad para mejorar los espacios verdes de la ciudad.<\/p>\n\n\n\n<p>En ese contexto, junto con las y los vecinos del Comit\u00e9 Vecinal del fraccionamiento Las Am\u00e9ricas, personal del Ayuntamiento de M\u00e9rida encabezados por la alcaldesa se sumaron al esfuerzo colectivo para limpiar y mantener el \u00e1rea verde de la calle 53-C por 20, demostrando que M\u00e9rida se mejora con el esfuerzo de todos.<\/p>\n\n\n\n<p>\u201cEstamos aqu\u00ed porque sabemos que M\u00e9rida se mejora con el esfuerzo colectivo por eso queremos agradecer a las y los vecinos por su participaci\u00f3n activa y su compromiso con la ciudad. Como muestra de ese compromiso hoy cumplimos con el acuerdo n\u00famero ocho de limpieza y mantenimiento, en un \u00e1rea que es y ser\u00e1 de gran relevancia para la preservaci\u00f3n de la flora y la fauna del municipio\u201d, asegur\u00f3 Cecilia Patr\u00f3n.<\/p>\n\n\n\n<p>En ) di\u00e1logo abierto, la presidenta municipal y los vecinos de ese fraccionamiento establecieron diez acuerdos de mejora, La presidenta municipal destac\u00f3 que esta alianza es un ejemplo de c\u00f3mo la ciudadan\u00eda y el gobierno municipal pueden trabajar juntos para mejorar la ciudad.<\/p>\n\n\n\n<p>Record\u00f3 que en una reuni\u00f3n celebrada con los vecinos del lugar, se establecieron otros acuerdos para mejorar el \u00e1rea verde de la calle 53-C por 20. Estos incluyen la limpieza conjunta entre vecinos, el reforzamiento de las mallas del \u00e1rea protegida y la instalaci\u00f3n de se\u00f1al\u00e9ticas indicando zona de conservaci\u00f3n para evitar su afectaci\u00f3n.<\/p>\n\n\n\n<p>Adem\u00e1s, se impartir\u00e1n talleres de arboricultura para la comunidad y se realizar\u00e1 la plantaci\u00f3n de mil \u00e1rboles adquiridos en Cuxtal, lo que contribuir\u00e1 a fortalecer el \u00e1rea verde.<\/p>\n\n\n\n<p>\u00abUna vez m\u00e1s, demostramos que las y los meridanos somos gente que cuida y mejora su ciudad, que act\u00faa de forma unida, participativa, y es responsable con su entorno por eso nuestro principal compromiso como gobierno es escuchar, atender y resolver con inmediatez\u00bb, expres\u00f3 la alcaldesa.<\/p>\n\n\n\n<p>Anteriormente, en noviembre de 2025, se atendi\u00f3 una inquietud sobre la donaci\u00f3n de un predio que se decidi\u00f3 conservar como \u00e1rea verde, y se realiz\u00f3 una jornada de reforestaci\u00f3n en el fraccionamiento.<\/p>\n","protected":false},"excerpt":{"rendered":"<p>M\u00e9rida, Yucat\u00e1n a domingo 25 de enero de 2026.- Como parte del compromiso de la presidenta municipal Cecilia Patr\u00f3n Laviada de \u00abordenar la casa\u201d para el 2026, la ciudadan\u00eda y<\/p>\n","protected":false},"author":1,"featured_media":137931,"comment_status":"open","ping_status":"open","sticky":false,"template":"","format":"standard","meta":{"jetpack_post_was_ever_published":false,"_jetpack_newsletter_access":"","_jetpack_dont_email_post_to_subs":false,"_jetpack_newsletter_tier_id":0,"_jetpack_memberships_contains_paywalled_content":false,"_jetpack_memberships_contains_paid_content":false,"footnotes":"","jetpack_publicize_message":"","jetpack_publicize_feature_enabled":true,"jetpack_social_post_already_shared":true,"jetpack_social_options":{"image_generator_settings":{"template":"highway","default_image_id":0,"font":"","enabled":false},"version":2}},"categories":[14],"tags":[],"class_list":["post-137930","post","type-post","status-publish","format-standard","has-post-thumbnail","hentry","category-merida"],"jetpack_publicize_connections":[],"jetpack_featured_media_url":"https:\/\/formalprision.com\/wp-content\/uploads\/2026\/01\/IMG-20260125-WA0068.jpg","jetpack_sharing_enabled":true,"jetpack_shortlink":"https:\/\/wp.me\/p6id8p-zSG","_links":{"self":[{"href":"https:\/\/formalprision.com\/index.php?rest_route=\/wp\/v2\/posts\/137930","targetHints":{"allow":["GET"]}}],"collection":[{"href":"https:\/\/formalprision.com\/index.php?rest_route=\/wp\/v2\/posts"}],"about":[{"href":"https:\/\/formalprision.com\/index.php?rest_route=\/wp\/v2\/types\/post"}],"author":[{"embeddable":true,"href":"https:\/\/formalprision.com\/index.php?rest_route=\/wp\/v2\/users\/1"}],"replies":[{"embeddable":true,"href":"https:\/\/formalprision.com\/index.php?rest_route=%2Fwp%2Fv2%2Fcomments&post=137930"}],"version-history":[{"count":1,"href":"https:\/\/formalprision.com\/index.php?rest_route=\/wp\/v2\/posts\/137930\/revisions"}],"predecessor-version":[{"id":137932,"href":"https:\/\/formalprision.com\/index.php?rest_route=\/wp\/v2\/posts\/137930\/revisions\/137932"}],"wp:featuredmedia":[{"embeddable":true,"href":"https:\/\/formalprision.com\/index.php?rest_route=\/wp\/v2\/media\/137931"}],"wp:attachment":[{"href":"https:\/\/formalprision.com\/index.php?rest_route=%2Fwp%2Fv2%2Fmedia&parent=137930"}],"wp:term":[{"taxonomy":"category","embeddable":true,"href":"https:\/\/formalprision.com\/index.php?rest_route=%2Fwp%2Fv2%2Fcategories&post=137930"},{"taxonomy":"post_tag","embeddable":true,"href":"https:\/\/formalprision.com\/index.php?rest_route=%2Fwp%2Fv2%2Ftags&post=137930"}],"curies":[{"name":"wp","href":"https:\/\/api.w.org\/{rel}","templated":true}]}}