{"id":137936,"date":"2026-01-25T19:33:37","date_gmt":"2026-01-26T00:33:37","guid":{"rendered":"https:\/\/formalprision.com\/?p=137936"},"modified":"2026-01-26T23:28:55","modified_gmt":"2026-01-27T04:28:55","slug":"rayo-cae-durante-una-manifestacion-a-favor-de-bolsonaro-en-brasil-hay-varios-heridos","status":"publish","type":"post","link":"https:\/\/formalprision.com\/?p=137936","title":{"rendered":"Rayo cae durante una manifestaci\u00f3n a favor de Bolsonaro en Brasil: hay varios heridos"},"content":{"rendered":"\n<p>Varias personas resultaron heridas por la ca\u00edda de un rayo en la plaza de Brasilia donde se concentraban simpatizantes del expresidente Jair Bolsonaro para pedir su libertad tras ser condenado por golpismo, informaron fuentes oficiales.<\/p>\n\n\n\n<p>El Cuerpo de Bomberos afirm\u00f3 en una nota enviada a EFE que atendi\u00f3 a 72 personas, la mayor\u00eda con s\u00edntomas de hipotermia y golpes fruto del p\u00e1nico que se gener\u00f3 entre los manifestantes justo despu\u00e9s de la descarga el\u00e9ctrica.<\/p>\n\n\n\n<p>Treinta de ellas fueron conducidas a hospitales de la zona para mayores cuidados, de las que ocho presentan \u201ccondiciones inestables\u201d, de acuerdo con el balance preliminar oficial.<\/p>\n\n\n\n<p>Los manifestantes estaban cerca de la Plaza do Cruzeiro, donde estaba previsto que finalizara la marcha promovida por el diputado ultra Nikolas Ferreira en defensa del exmandatario, condenado y preso por tramar un golpe de Estado.<\/p>\n\n\n\n<p>La jornada de este domingo ha estado marcada por las fuertes lluvias que han azotado el Distrito Federal, condiciones que, sin embargo, no han impedido que se sumaran miles de personas a la movilizaci\u00f3n.<\/p>\n\n\n\n<p>\u00abCay\u00f3 un rayo y entonces todo el mundo cay\u00f3 al suelo. No entendimos nada hasta que logramos levantarnos y ayudarnos unos a otros; hab\u00eda mucha gente corriendo. Los bomberos y los servicios m\u00e9dicos de emergencia ya estaban all\u00ed preparados, pero era demasiada gente al mismo tiempo\u201d, explic\u00f3 a G1 el comerciante Alfredo Santana.<\/p>\n\n\n\n<p>La protesta de este domingo es la \u00faltima etapa de una caminata que empez\u00f3 el lunes pasado, cuando Ferreira parti\u00f3 desde Paracatu, en el interior del estado de Minas Gerais, en direcci\u00f3n a la capital brasile\u00f1a, durante la cual lo acompa\u00f1\u00f3 un grupo de seguidores y aliados del exmandatario.<\/p>\n\n\n\n<p>El congresista, una de las voces de la extrema derecha brasile\u00f1a m\u00e1s activas en redes sociales, asegura haber recorrido unos 240 kil\u00f3metros a pie por una autopista federal.<\/p>\n\n\n\n<p>Este domingo se le sumaron miles de personas a su paso por Brasilia, la mayor\u00eda vestidas con los colores verde y amarillo de la bandera brasile\u00f1a.<\/p>\n\n\n\n<p>Los ac\u00f3litos del l\u00edder ultraderechista exigen su libertad, despu\u00e9s de que el pasado 11 de septiembre fuera condenado a 27 a\u00f1os y 3 meses de prisi\u00f3n por \u201cliderar\u201d un complot golpista para mantenerse en el poder, tras perder las elecciones de 2022 frente al actual gobernante, Luiz In\u00e1cio Lula da Silva.<\/p>\n\n\n\n<p>Una vez agotadas las apelaciones, la corte orden\u00f3 la ejecuci\u00f3n de la sentencia a finales de noviembre, primero en un cuarto de la Superintendencia de la Polic\u00eda Federal en Brasilia y, desde el pasado 15 de enero, en un complejo penitenciario, tambi\u00e9n en la capital.<\/p>\n\n\n\n<p>Los abogados del ex jefe de Estado (2019-2022) han solicitado en diversas ocasiones la prisi\u00f3n domiciliaria de su cliente por su delicado estado de salud, pero el Supremo ha negado todos los recursos presentados hasta la fecha.<\/p>\n","protected":false},"excerpt":{"rendered":"<p>Varias personas resultaron heridas por la ca\u00edda de un rayo en la plaza de Brasilia donde se concentraban simpatizantes del expresidente Jair Bolsonaro para pedir su libertad tras ser condenado<\/p>\n","protected":false},"author":2,"featured_media":137938,"comment_status":"open","ping_status":"open","sticky":false,"template":"","format":"standard","meta":{"jetpack_post_was_ever_published":false,"_jetpack_newsletter_access":"","_jetpack_dont_email_post_to_subs":false,"_jetpack_newsletter_tier_id":0,"_jetpack_memberships_contains_paywalled_content":false,"_jetpack_memberships_contains_paid_content":false,"footnotes":"","jetpack_publicize_message":"","jetpack_publicize_feature_enabled":true,"jetpack_social_post_already_shared":true,"jetpack_social_options":{"image_generator_settings":{"template":"highway","default_image_id":0,"font":"","enabled":false},"version":2}},"categories":[23],"tags":[],"class_list":["post-137936","post","type-post","status-publish","format-standard","has-post-thumbnail","hentry","category-del-mundo"],"jetpack_publicize_connections":[],"jetpack_featured_media_url":"https:\/\/formalprision.com\/wp-content\/uploads\/2026\/01\/rayo.jpg","jetpack_sharing_enabled":true,"jetpack_shortlink":"https:\/\/wp.me\/p6id8p-zSM","_links":{"self":[{"href":"https:\/\/formalprision.com\/index.php?rest_route=\/wp\/v2\/posts\/137936","targetHints":{"allow":["GET"]}}],"collection":[{"href":"https:\/\/formalprision.com\/index.php?rest_route=\/wp\/v2\/posts"}],"about":[{"href":"https:\/\/formalprision.com\/index.php?rest_route=\/wp\/v2\/types\/post"}],"author":[{"embeddable":true,"href":"https:\/\/formalprision.com\/index.php?rest_route=\/wp\/v2\/users\/2"}],"replies":[{"embeddable":true,"href":"https:\/\/formalprision.com\/index.php?rest_route=%2Fwp%2Fv2%2Fcomments&post=137936"}],"version-history":[{"count":1,"href":"https:\/\/formalprision.com\/index.php?rest_route=\/wp\/v2\/posts\/137936\/revisions"}],"predecessor-version":[{"id":137937,"href":"https:\/\/formalprision.com\/index.php?rest_route=\/wp\/v2\/posts\/137936\/revisions\/137937"}],"wp:featuredmedia":[{"embeddable":true,"href":"https:\/\/formalprision.com\/index.php?rest_route=\/wp\/v2\/media\/137938"}],"wp:attachment":[{"href":"https:\/\/formalprision.com\/index.php?rest_route=%2Fwp%2Fv2%2Fmedia&parent=137936"}],"wp:term":[{"taxonomy":"category","embeddable":true,"href":"https:\/\/formalprision.com\/index.php?rest_route=%2Fwp%2Fv2%2Fcategories&post=137936"},{"taxonomy":"post_tag","embeddable":true,"href":"https:\/\/formalprision.com\/index.php?rest_route=%2Fwp%2Fv2%2Ftags&post=137936"}],"curies":[{"name":"wp","href":"https:\/\/api.w.org\/{rel}","templated":true}]}}