{"id":137939,"date":"2026-01-25T19:43:22","date_gmt":"2026-01-26T00:43:22","guid":{"rendered":"https:\/\/formalprision.com\/?p=137939"},"modified":"2026-01-26T23:28:43","modified_gmt":"2026-01-27T04:28:43","slug":"el-portero-me-dijo-que-soy-ilegal-y-que-trump-me-va-a-atrapar-nino-llora-tras-partido-de-futbol","status":"publish","type":"post","link":"https:\/\/formalprision.com\/?p=137939","title":{"rendered":"El portero me dijo que soy ilegal y que Trump me va a atrapar: Ni\u00f1o llora tras partido de futbol"},"content":{"rendered":"\n<p>Un ni\u00f1o de Estados Unidos se viraliz\u00f3 en redes sociales tras llorar porque fue amenazado durante un partido de futbol con que el presidente Donald Trump lo detendr\u00eda y deportar\u00eda.<\/p>\n\n\n\n<p>Max acababa de ganar un torneo de futbol en Iowa, pero en lugar de festejar rompi\u00f3 en llanto por la discriminaci\u00f3n que sufri\u00f3 a manos del portero contrario.<\/p>\n\n\n\n<p>\u00abMe dijo que soy migrante ilegal a pesar de que nac\u00ed en Am\u00e9rica. \u00c9l dijo que Trump me va a atrapar y me enviar\u00e1 de vuelta a donde sol\u00eda vivir, pero nac\u00ed en Am\u00e9rica\u201d, detall\u00f3.<\/p>\n\n\n\n<p>La madre del adolescente de 12 a\u00f1os de edad public\u00f3 el video en redes sociales, hecho que desat\u00f3 el debate sobre el discurso de odio promovido por el presidente Trump derivado de su pol\u00edtica migrante.<\/p>\n\n\n\n<p>Cabe destacar que Max es estadounidense de nacimiento, si bien tiene rasgos asi\u00e1ticos ya que su madre es originaria de Tailandia.<\/p>\n\n\n\n<p>Mtee Tet, madre de Max, agradeci\u00f3 al apoyo recibido y palabras de aliento para su hijo. Detall\u00f3 que las autoridades pertinentes ya investigan lo ocurrido.<\/p>\n\n\n\n<p>Agreg\u00f3 que su intenci\u00f3n al publicar el video de su hijo Max no fue crear controversia sino invitar a la reflexi\u00f3n sobre lo que las palabras y acciones pueden afectar a otros, especialmente a los hijos.<\/p>\n\n\n\n<p>\u00abMi esperanza es que este momento fomente la reflexi\u00f3n y la compasi\u00f3n. La divisi\u00f3n y el odio que vemos en nuestro pa\u00eds est\u00e1n llegando claramente a nuestros hijos, y eso es desgarrador. Todos tenemos que hacerlo mejor. La bondad importa, y comienza con c\u00f3mo nos tratamos unos a otros, especialmente por el bien de nuestros hijos\u201d, subray\u00f3.<\/p>\n","protected":false},"excerpt":{"rendered":"<p>Un ni\u00f1o de Estados Unidos se viraliz\u00f3 en redes sociales tras llorar porque fue amenazado durante un partido de futbol con que el presidente Donald Trump lo detendr\u00eda y deportar\u00eda.<\/p>\n","protected":false},"author":2,"featured_media":137941,"comment_status":"open","ping_status":"open","sticky":false,"template":"","format":"standard","meta":{"jetpack_post_was_ever_published":false,"_jetpack_newsletter_access":"","_jetpack_dont_email_post_to_subs":false,"_jetpack_newsletter_tier_id":0,"_jetpack_memberships_contains_paywalled_content":false,"_jetpack_memberships_contains_paid_content":false,"footnotes":"","jetpack_publicize_message":"","jetpack_publicize_feature_enabled":true,"jetpack_social_post_already_shared":true,"jetpack_social_options":{"image_generator_settings":{"template":"highway","default_image_id":0,"font":"","enabled":false},"version":2}},"categories":[23],"tags":[],"class_list":["post-137939","post","type-post","status-publish","format-standard","has-post-thumbnail","hentry","category-del-mundo"],"jetpack_publicize_connections":[],"jetpack_featured_media_url":"https:\/\/formalprision.com\/wp-content\/uploads\/2026\/01\/llora.jpg","jetpack_sharing_enabled":true,"jetpack_shortlink":"https:\/\/wp.me\/p6id8p-zSP","_links":{"self":[{"href":"https:\/\/formalprision.com\/index.php?rest_route=\/wp\/v2\/posts\/137939","targetHints":{"allow":["GET"]}}],"collection":[{"href":"https:\/\/formalprision.com\/index.php?rest_route=\/wp\/v2\/posts"}],"about":[{"href":"https:\/\/formalprision.com\/index.php?rest_route=\/wp\/v2\/types\/post"}],"author":[{"embeddable":true,"href":"https:\/\/formalprision.com\/index.php?rest_route=\/wp\/v2\/users\/2"}],"replies":[{"embeddable":true,"href":"https:\/\/formalprision.com\/index.php?rest_route=%2Fwp%2Fv2%2Fcomments&post=137939"}],"version-history":[{"count":1,"href":"https:\/\/formalprision.com\/index.php?rest_route=\/wp\/v2\/posts\/137939\/revisions"}],"predecessor-version":[{"id":137940,"href":"https:\/\/formalprision.com\/index.php?rest_route=\/wp\/v2\/posts\/137939\/revisions\/137940"}],"wp:featuredmedia":[{"embeddable":true,"href":"https:\/\/formalprision.com\/index.php?rest_route=\/wp\/v2\/media\/137941"}],"wp:attachment":[{"href":"https:\/\/formalprision.com\/index.php?rest_route=%2Fwp%2Fv2%2Fmedia&parent=137939"}],"wp:term":[{"taxonomy":"category","embeddable":true,"href":"https:\/\/formalprision.com\/index.php?rest_route=%2Fwp%2Fv2%2Fcategories&post=137939"},{"taxonomy":"post_tag","embeddable":true,"href":"https:\/\/formalprision.com\/index.php?rest_route=%2Fwp%2Fv2%2Ftags&post=137939"}],"curies":[{"name":"wp","href":"https:\/\/api.w.org\/{rel}","templated":true}]}}