{"id":137942,"date":"2026-01-26T07:31:02","date_gmt":"2026-01-26T12:31:02","guid":{"rendered":"https:\/\/formalprision.com\/?p=137942"},"modified":"2026-01-26T16:34:46","modified_gmt":"2026-01-26T21:34:46","slug":"ministros-de-la-suprema-corte-devolveran-camionetas-blindadas","status":"publish","type":"post","link":"https:\/\/formalprision.com\/?p=137942","title":{"rendered":"Ministros de la Suprema Corte devolver\u00e1n camionetas blindadas"},"content":{"rendered":"\n<p>CIUDAD DE M\u00c9XICO.- Tras la pol\u00e9mica y las severas cr\u00edticas, los ministros de la Suprema Corte de Justicia de la Naci\u00f3n (SCJN) informaron este domingo 25 de enero su decisi\u00f3n un\u00e1nime de no utilizar los veh\u00edculos oficiales recientemente adquiridos, entre los que se encontraban nueve camionetas blindadas cuyo costo individual supera el mill\u00f3n de pesos.<\/p>\n\n\n\n<p>Con relaci\u00f3n a los veh\u00edculos adquiridos, ministras y ministros de esta SCJN informan su decisi\u00f3n de no utilizarlos; asimismo, solicitar\u00e1n que se inicie el proceso correspondiente para su devoluci\u00f3n o, en su caso, ponerlos a disposici\u00f3n de personas juzgadoras que enfrentan mayores riesgos, siempre con apego a la normatividad aplicable.<\/p>\n\n\n\n<p>Reiteramos nuestro compromiso con el uso eficiente y responsable de los recursos del pueblo, as\u00ed como el trabajo permanente para lograr una justicia real y verdadera.<\/p>\n\n\n\n<p>Con el fin de precisar la informaci\u00f3n, ma\u00f1ana ofrecer\u00e1n una conferencia de prensa en las instalaciones de este M\u00e1ximo Tribunal, se\u00f1alaron en breve comunicado.<\/p>\n\n\n\n<p>La controversia comenz\u00f3 la semana pasada, cuando se difundieron im\u00e1genes de las nuevas camionetas asignadas a los nueve ministros. Ante la pol\u00e9mica, la Corte justific\u00f3 la compra y afirm\u00f3 que el prop\u00f3sito era garantizar la seguridad y la protecci\u00f3n de los juzgadores.<\/p>\n\n\n\n<p>Adem\u00e1s, el Poder Judicial revel\u00f3 que no solo se adquirieron las nueve camionetas, sino un total de 571 veh\u00edculos nuevos en el \u00faltimo trimestre de 2025, con una inversi\u00f3n de 252 millones de pesos. Este gasto fue destinado a cubrir las necesidades de movilidad tanto de la Corte como del \u00d3rgano de Administraci\u00f3n Judicial y del Tribunal Electoral del Poder Judicial de la Federaci\u00f3n.<\/p>\n\n\n\n<p>El Poder Judicial explic\u00f3 que la compra de veh\u00edculos se deb\u00eda a que anteriormente arrendaban 445 autos, lo que representaba un costo anual operativo de 366.2 millones de pesos, cifra que se consider\u00f3 insostenible a largo plazo.<\/p>\n","protected":false},"excerpt":{"rendered":"<p>CIUDAD DE M\u00c9XICO.- Tras la pol\u00e9mica y las severas cr\u00edticas, los ministros de la Suprema Corte de Justicia de la Naci\u00f3n (SCJN) informaron este domingo 25 de enero su decisi\u00f3n<\/p>\n","protected":false},"author":2,"featured_media":137944,"comment_status":"open","ping_status":"open","sticky":false,"template":"","format":"standard","meta":{"jetpack_post_was_ever_published":false,"_jetpack_newsletter_access":"","_jetpack_dont_email_post_to_subs":false,"_jetpack_newsletter_tier_id":0,"_jetpack_memberships_contains_paywalled_content":false,"_jetpack_memberships_contains_paid_content":false,"footnotes":"","jetpack_publicize_message":"","jetpack_publicize_feature_enabled":true,"jetpack_social_post_already_shared":true,"jetpack_social_options":{"image_generator_settings":{"template":"highway","default_image_id":0,"font":"","enabled":false},"version":2}},"categories":[23,21],"tags":[],"class_list":["post-137942","post","type-post","status-publish","format-standard","has-post-thumbnail","hentry","category-del-mundo","category-nacionales"],"jetpack_publicize_connections":[],"jetpack_featured_media_url":"https:\/\/formalprision.com\/wp-content\/uploads\/2026\/01\/mis.jpg","jetpack_sharing_enabled":true,"jetpack_shortlink":"https:\/\/wp.me\/p6id8p-zSS","_links":{"self":[{"href":"https:\/\/formalprision.com\/index.php?rest_route=\/wp\/v2\/posts\/137942","targetHints":{"allow":["GET"]}}],"collection":[{"href":"https:\/\/formalprision.com\/index.php?rest_route=\/wp\/v2\/posts"}],"about":[{"href":"https:\/\/formalprision.com\/index.php?rest_route=\/wp\/v2\/types\/post"}],"author":[{"embeddable":true,"href":"https:\/\/formalprision.com\/index.php?rest_route=\/wp\/v2\/users\/2"}],"replies":[{"embeddable":true,"href":"https:\/\/formalprision.com\/index.php?rest_route=%2Fwp%2Fv2%2Fcomments&post=137942"}],"version-history":[{"count":1,"href":"https:\/\/formalprision.com\/index.php?rest_route=\/wp\/v2\/posts\/137942\/revisions"}],"predecessor-version":[{"id":137943,"href":"https:\/\/formalprision.com\/index.php?rest_route=\/wp\/v2\/posts\/137942\/revisions\/137943"}],"wp:featuredmedia":[{"embeddable":true,"href":"https:\/\/formalprision.com\/index.php?rest_route=\/wp\/v2\/media\/137944"}],"wp:attachment":[{"href":"https:\/\/formalprision.com\/index.php?rest_route=%2Fwp%2Fv2%2Fmedia&parent=137942"}],"wp:term":[{"taxonomy":"category","embeddable":true,"href":"https:\/\/formalprision.com\/index.php?rest_route=%2Fwp%2Fv2%2Fcategories&post=137942"},{"taxonomy":"post_tag","embeddable":true,"href":"https:\/\/formalprision.com\/index.php?rest_route=%2Fwp%2Fv2%2Ftags&post=137942"}],"curies":[{"name":"wp","href":"https:\/\/api.w.org\/{rel}","templated":true}]}}