{"id":137953,"date":"2026-01-26T17:59:09","date_gmt":"2026-01-26T22:59:09","guid":{"rendered":"https:\/\/formalprision.com\/?p=137953"},"modified":"2026-01-28T17:34:53","modified_gmt":"2026-01-28T22:34:53","slug":"merida-destaca-en-fitur-2026-por-sus-fortalezas-en-infraestructura-y-conectividad-cecilia-patron","status":"publish","type":"post","link":"https:\/\/formalprision.com\/?p=137953","title":{"rendered":"M\u00e9rida destaca en Fitur 2026 por sus fortalezas en infraestructura y conectividad: Cecilia Patr\u00f3n"},"content":{"rendered":"\n<p>M\u00c9RIDA, Yucat\u00e1n.- El Ayuntamiento de M\u00e9rida, que encabeza la presidenta municipal Cecilia Patr\u00f3n Laviada, coloca al turismo como herramienta clave para reducir las brechas de desigualdad en la ciudad, promover el desarrollo social y econ\u00f3mico en comisar\u00edas y fortalecer el desarrollo integral y la equidad en el municipio.<\/p>\n\n\n\n<p>\u201cDefinitivamente para nosotros el turismo es una herramienta de justicia social porque distribuye en la comunidad que es tan importante porque cuando llega un turista a M\u00e9rida, le compra a la artesana, usa un taxi, va a un restaurante y le paga a un mesero, va a un hotel, a los hoteleros. Es un recurso que se distribuye en la comunidad y es algo muy importante\u201d, mencion\u00f3.<\/p>\n\n\n\n<p>Durante su encuentro semanal con representantes de los medios de comunicaci\u00f3n, la alcaldesa destac\u00f3 que M\u00e9rida tuvo gran relevancia en la Feria Internacional de Turismo de Madrid, Espa\u00f1a, donde particip\u00f3 en m\u00e1s de 60 reuniones con empresas tur\u00edsticas, aerol\u00edneas y prensa para promocionar la ciudad. Se resalt\u00f3 la infraestructura y conectividad de M\u00e9rida, y se promovi\u00f3 el turismo deportivo, de romance, de congresos y convenciones, as\u00ed como actividades culturales y tours.<\/p>\n\n\n\n<p>Adem\u00e1s, se logr\u00f3 consolidar la estrategia \u00abGol y Gol\u00bb, lo que permitir\u00e1 recibir a turistas que visiten M\u00e9xico durante el Mundial. Tambi\u00e9n se establecieron importantes acuerdos con los gobiernos de Jalisco, Nuevo Le\u00f3n y CDMX para promocionar la ciudad entre las delegaciones y aficionados que visiten el pa\u00eds durante el evento.<\/p>\n\n\n\n<p>\u201cM\u00e9rida est\u00e1 lista para recibir a los mundialistas que visiten M\u00e9xico, porque adem\u00e1s tenemos vuelos directos con estas tres ciudades, que eso hace y facilita el que puedan venir e irse, que es algo muy importante la conectividad\u201d, acot\u00f3.<\/p>\n\n\n\n<p>Tambi\u00e9n se reafirm\u00f3 la colaboraci\u00f3n con M\u00e9rida, Espa\u00f1a, para una pr\u00f3xima misi\u00f3n comercial y tur\u00edstica; con la UNESCO, para fortalecer el t\u00edtulo de Ciudad Creativa de la Gastronom\u00eda; con Viva Aerob\u00fas, l\u00ednea oficial del Mundial, con conexiones a Guadalajara, Monterrey, CDMX, Orlando y Miami; y con socios estrat\u00e9gicos para brindar capacitaciones y posicionar a M\u00e9rida.<\/p>\n\n\n\n<p>La presidenta municipal mencion\u00f3 que la ciudad representada por Armando Casares Espinosa, secretario t\u00e9cnico de la Unidad de Turismo tambi\u00e9n tuvo una activa participaci\u00f3n en la conferencia de prensa conjunta con los secretarios de turismo de los estados de Yucat\u00e1n, Campeche, Quintana Roo, Chiapas y Tabasco, para promocionar la Feria Tur\u00edstica del Mundo Maya: Ki Huic que este a\u00f1o se realizar\u00e1 en M\u00e9rida, del 2 al 5 de junio de 2026.<\/p>\n\n\n\n<p>La alcaldesa destac\u00f3 que M\u00e9rida es uno de los destinos tur\u00edsticos de mayor crecimiento en M\u00e9xico, con 2.6 millones de turistas recibidos hasta noviembre de 2025, lo que la posiciona como el segundo aeropuerto con mayor tr\u00e1fico de pasajeros en el sur sureste del pa\u00eds con 216 vuelos nacionales y 31 internacionales a la semana y como la s\u00e9ptima capital con mayor turismo en el pa\u00eds, gracias a su enfoque en la seguridad, su destacada gastronom\u00eda y los atractivos culturales que ofrece a los visitantes.<\/p>\n\n\n\n<p>En el \u00e1mbito local, Cecilia Patr\u00f3n record\u00f3 que las comisar\u00edas de Xcuny\u00e1, Tamanch\u00e9, Chablekal, Dzity\u00e1, San Jos\u00e9 Tzal, Molas y San Pedro Chimay se ofrecen 10 rutas tur\u00edsticas comunitarias que incluyen ciclismo, senderismo, artesan\u00edas, meliponarios, ranchos tur\u00edsticos y agrotur\u00edsticos y bioparques.<\/p>\n\n\n\n<p>Finalmente, la alcaldesa mencion\u00f3 que en el mes de febrero el Ayuntamiento abrir\u00e1 una convocatoria p\u00fablica dirigida a las comisar\u00edas para seleccionar 10 proyectos, con enfoque especial en cocina tradicional y cocineras tradicionales, fortaleciendo la identidad local. Tambi\u00e9n se impulsar\u00e1n oficios tradicionales como el bordado y el urdido de hamacas.<\/p>\n","protected":false},"excerpt":{"rendered":"<p>M\u00c9RIDA, Yucat\u00e1n.- El Ayuntamiento de M\u00e9rida, que encabeza la presidenta municipal Cecilia Patr\u00f3n Laviada, coloca al turismo como herramienta clave para reducir las brechas de desigualdad en la ciudad, promover<\/p>\n","protected":false},"author":2,"featured_media":137955,"comment_status":"open","ping_status":"open","sticky":false,"template":"","format":"standard","meta":{"jetpack_post_was_ever_published":false,"_jetpack_newsletter_access":"","_jetpack_dont_email_post_to_subs":false,"_jetpack_newsletter_tier_id":0,"_jetpack_memberships_contains_paywalled_content":false,"_jetpack_memberships_contains_paid_content":false,"footnotes":"","jetpack_publicize_message":"","jetpack_publicize_feature_enabled":true,"jetpack_social_post_already_shared":true,"jetpack_social_options":{"image_generator_settings":{"template":"highway","default_image_id":0,"font":"","enabled":false},"version":2}},"categories":[14],"tags":[],"class_list":["post-137953","post","type-post","status-publish","format-standard","has-post-thumbnail","hentry","category-merida"],"jetpack_publicize_connections":[],"jetpack_featured_media_url":"https:\/\/formalprision.com\/wp-content\/uploads\/2026\/01\/WhatsApp-Image-2026-01-26-at-4.37.33-PM.jpeg","jetpack_sharing_enabled":true,"jetpack_shortlink":"https:\/\/wp.me\/p6id8p-zT3","_links":{"self":[{"href":"https:\/\/formalprision.com\/index.php?rest_route=\/wp\/v2\/posts\/137953","targetHints":{"allow":["GET"]}}],"collection":[{"href":"https:\/\/formalprision.com\/index.php?rest_route=\/wp\/v2\/posts"}],"about":[{"href":"https:\/\/formalprision.com\/index.php?rest_route=\/wp\/v2\/types\/post"}],"author":[{"embeddable":true,"href":"https:\/\/formalprision.com\/index.php?rest_route=\/wp\/v2\/users\/2"}],"replies":[{"embeddable":true,"href":"https:\/\/formalprision.com\/index.php?rest_route=%2Fwp%2Fv2%2Fcomments&post=137953"}],"version-history":[{"count":1,"href":"https:\/\/formalprision.com\/index.php?rest_route=\/wp\/v2\/posts\/137953\/revisions"}],"predecessor-version":[{"id":137954,"href":"https:\/\/formalprision.com\/index.php?rest_route=\/wp\/v2\/posts\/137953\/revisions\/137954"}],"wp:featuredmedia":[{"embeddable":true,"href":"https:\/\/formalprision.com\/index.php?rest_route=\/wp\/v2\/media\/137955"}],"wp:attachment":[{"href":"https:\/\/formalprision.com\/index.php?rest_route=%2Fwp%2Fv2%2Fmedia&parent=137953"}],"wp:term":[{"taxonomy":"category","embeddable":true,"href":"https:\/\/formalprision.com\/index.php?rest_route=%2Fwp%2Fv2%2Fcategories&post=137953"},{"taxonomy":"post_tag","embeddable":true,"href":"https:\/\/formalprision.com\/index.php?rest_route=%2Fwp%2Fv2%2Ftags&post=137953"}],"curies":[{"name":"wp","href":"https:\/\/api.w.org\/{rel}","templated":true}]}}