{"id":137959,"date":"2026-01-26T22:27:56","date_gmt":"2026-01-27T03:27:56","guid":{"rendered":"https:\/\/formalprision.com\/?p=137959"},"modified":"2026-01-28T17:34:35","modified_gmt":"2026-01-28T22:34:35","slug":"muere-locatario-de-unos-70-anos-en-el-bazar-garcia-rejon","status":"publish","type":"post","link":"https:\/\/formalprision.com\/?p=137959","title":{"rendered":"Muere locatario de unos 70 a\u00f1os en el Bazar Garc\u00eda Rej\u00f3n"},"content":{"rendered":"\n<p>M\u00c9RIDA, Yucat\u00e1n.- Un locatario de unos 70 a\u00f1os falleci\u00f3 en el interior del Bazar Garc\u00eda Rej\u00f3n, ubicado en la calle 60 por 65.<\/p>\n\n\n\n<p>Aproximadamente a las 17:35 horas locatarios solicitaron apoyo de un param\u00e9dico debido a que uno de sus compa\u00f1eros estaba desvanecido en el piso de su local.<\/p>\n\n\n\n<p>Al llegar al sitio los param\u00e9dicos detectaron que el hombre de aproximadamente 70 a\u00f1os de edad ya hab\u00eda fallecido.<\/p>\n\n\n\n<p>Los elementos policiales procedieron al acordonamiento del \u00e1rea y dar parte de los hechos a la Fiscal\u00eda General del Estado para las diligencias de ley.<\/p>\n","protected":false},"excerpt":{"rendered":"<p>M\u00c9RIDA, Yucat\u00e1n.- Un locatario de unos 70 a\u00f1os falleci\u00f3 en el interior del Bazar Garc\u00eda Rej\u00f3n, ubicado en la calle 60 por 65. Aproximadamente a las 17:35 horas locatarios solicitaron<\/p>\n","protected":false},"author":2,"featured_media":137961,"comment_status":"open","ping_status":"open","sticky":false,"template":"","format":"standard","meta":{"jetpack_post_was_ever_published":false,"_jetpack_newsletter_access":"","_jetpack_dont_email_post_to_subs":false,"_jetpack_newsletter_tier_id":0,"_jetpack_memberships_contains_paywalled_content":false,"_jetpack_memberships_contains_paid_content":false,"footnotes":"","jetpack_publicize_message":"","jetpack_publicize_feature_enabled":true,"jetpack_social_post_already_shared":true,"jetpack_social_options":{"image_generator_settings":{"template":"highway","default_image_id":0,"font":"","enabled":false},"version":2}},"categories":[14],"tags":[],"class_list":["post-137959","post","type-post","status-publish","format-standard","has-post-thumbnail","hentry","category-merida"],"jetpack_publicize_connections":[],"jetpack_featured_media_url":"https:\/\/formalprision.com\/wp-content\/uploads\/2026\/01\/WhatsApp-Image-2026-01-26-at-8.35.46-PM.jpeg","jetpack_sharing_enabled":true,"jetpack_shortlink":"https:\/\/wp.me\/p6id8p-zT9","_links":{"self":[{"href":"https:\/\/formalprision.com\/index.php?rest_route=\/wp\/v2\/posts\/137959","targetHints":{"allow":["GET"]}}],"collection":[{"href":"https:\/\/formalprision.com\/index.php?rest_route=\/wp\/v2\/posts"}],"about":[{"href":"https:\/\/formalprision.com\/index.php?rest_route=\/wp\/v2\/types\/post"}],"author":[{"embeddable":true,"href":"https:\/\/formalprision.com\/index.php?rest_route=\/wp\/v2\/users\/2"}],"replies":[{"embeddable":true,"href":"https:\/\/formalprision.com\/index.php?rest_route=%2Fwp%2Fv2%2Fcomments&post=137959"}],"version-history":[{"count":1,"href":"https:\/\/formalprision.com\/index.php?rest_route=\/wp\/v2\/posts\/137959\/revisions"}],"predecessor-version":[{"id":137960,"href":"https:\/\/formalprision.com\/index.php?rest_route=\/wp\/v2\/posts\/137959\/revisions\/137960"}],"wp:featuredmedia":[{"embeddable":true,"href":"https:\/\/formalprision.com\/index.php?rest_route=\/wp\/v2\/media\/137961"}],"wp:attachment":[{"href":"https:\/\/formalprision.com\/index.php?rest_route=%2Fwp%2Fv2%2Fmedia&parent=137959"}],"wp:term":[{"taxonomy":"category","embeddable":true,"href":"https:\/\/formalprision.com\/index.php?rest_route=%2Fwp%2Fv2%2Fcategories&post=137959"},{"taxonomy":"post_tag","embeddable":true,"href":"https:\/\/formalprision.com\/index.php?rest_route=%2Fwp%2Fv2%2Ftags&post=137959"}],"curies":[{"name":"wp","href":"https:\/\/api.w.org\/{rel}","templated":true}]}}