{"id":137972,"date":"2026-01-27T14:12:26","date_gmt":"2026-01-27T19:12:26","guid":{"rendered":"https:\/\/formalprision.com\/?p=137972"},"modified":"2026-01-28T17:33:40","modified_gmt":"2026-01-28T22:33:40","slug":"inaugura-cecilia-patron-espacio-deportivo-en-centro-armonia-para-los-adultos-mayores","status":"publish","type":"post","link":"https:\/\/formalprision.com\/?p=137972","title":{"rendered":"Inaugura Cecilia Patr\u00f3n espacio deportivo en Centro Armon\u00eda para los adultos mayores"},"content":{"rendered":"\n<p>M\u00c9RIDA, Yucat\u00e1n.- Como parte de la estrategia municipal para fortalecer el bienestar integral de las y los meridanos, la presidenta municipal Cecilia Patr\u00f3n Laviada inaugur\u00f3 las nuevas Canchas de Usos M\u00faltiples en el Centro Integral para la Plenitud de las Personas Mayores Armon\u00eda, y as\u00ed promover un envejecimiento activo, saludable y digno para quienes m\u00e1s lo necesitan.<\/p>\n\n\n\n<p>\u201cEn este gobierno municipal escuchamos a la gente; todo lo que hacemos viene de ustedes, porque nadie conoce mejor estos espacios que quienes los usan todos los d\u00edas. Al cumplir la palabra empe\u00f1ada y entregar esta cancha funcional de usos m\u00faltiples al servicio de esta comunidad, avanzamos con orden y justicia\u201d, se\u00f1al\u00f3 la alcaldesa.<\/p>\n\n\n\n<p>Durante el evento, la alcaldesa destac\u00f3 que este nuevo espacio es resultado directo de escuchar a la ciudadan\u00eda, recordando que hace algunos meses, durante una visita de planeaci\u00f3n al centro, ubicado en el Fraccionamiento del Parque, las y los usuarios le expresaron la necesidad de contar con un \u00e1rea adicional para realizar ejercicio y actividades f\u00edsicas, ante el crecimiento de la demanda dentro del inmueble.<\/p>\n\n\n\n<p>\u201cCreo que ustedes son el mejor ejemplo de que cuando nos unimos como comunidad se refuerza en una mejor vida plena para todos\u201d, expres\u00f3.<\/p>\n\n\n\n<p>La presidenta municipal explic\u00f3 que la nueva \u00e1rea permitir\u00e1 realizar gimnasio al aire libre, ejercicios terap\u00e9uticos, actividades recreativas y deportivas, adem\u00e1s de otras din\u00e1micas comunitarias, ya que se trata de un espacio vers\u00e1til que podr\u00e1 adaptarse a diversas necesidades del Centro Armon\u00eda.<\/p>\n\n\n\n<figure class=\"wp-block-image size-full\"><a href=\"http:\/\/formalprision.com\/wp-content\/uploads\/2026\/01\/WhatsApp-Image-2026-01-27-at-12.39.54-PM.jpeg\"><img loading=\"lazy\" decoding=\"async\" width=\"900\" height=\"599\" src=\"http:\/\/formalprision.com\/wp-content\/uploads\/2026\/01\/WhatsApp-Image-2026-01-27-at-12.39.54-PM.jpeg\" alt=\"\" class=\"wp-image-137974\" srcset=\"https:\/\/formalprision.com\/wp-content\/uploads\/2026\/01\/WhatsApp-Image-2026-01-27-at-12.39.54-PM.jpeg 900w, https:\/\/formalprision.com\/wp-content\/uploads\/2026\/01\/WhatsApp-Image-2026-01-27-at-12.39.54-PM-300x200.jpeg 300w, https:\/\/formalprision.com\/wp-content\/uploads\/2026\/01\/WhatsApp-Image-2026-01-27-at-12.39.54-PM-768x511.jpeg 768w\" sizes=\"auto, (max-width: 900px) 100vw, 900px\" \/><\/a><\/figure>\n\n\n\n<p>Las Canchas de Usos M\u00faltiples Armon\u00eda tienen como objetivo promover el ejercicio multicomponente al aire libre, impulsando la actividad f\u00edsica y cognitiva para mejorar la autonom\u00eda de las personas mayores, prevenir la discapacidad y optimizar su salud mental, cardiovascular y funcional.<\/p>\n\n\n\n<p>La obra beneficiar\u00e1 directamente a 500 personas adultas mayores que asisten al Centro, as\u00ed como a habitantes de colonias aleda\u00f1as. Se localiza en la calle 55 n\u00famero 693 por 10 y 16, en un entorno accesible, rodeado de \u00e1reas verdes, dise\u00f1ado para fomentar la convivencia social, la salud y el deporte.<\/p>\n\n\n\n<p>En este espacio se ofrecer\u00e1n programas de ejercicios terap\u00e9uticos personalizados, as\u00ed como talleres de entrenamiento funcional adaptado, entrenamiento funcional con aditamentos y crossfit, enfocados en mejorar la fuerza muscular, la flexibilidad, el equilibrio y la autoestima de las y los usuarios.<\/p>\n\n\n\n<p>Gracias a la alianza con la cadena comercial Oxxo, se gestionaron aditamentos deportivos como mancuernas, pesas rusas, step, conos y pelotas, que permitir\u00e1n diversificar las disciplinas de activaci\u00f3n f\u00edsica al aire libre y enriquecer las rutinas de ejercicio.<\/p>\n\n\n\n<p>Este tipo de centros para personas mayores cobran un valor social importante como espacios de comunidad, acompa\u00f1amiento y transformaci\u00f3n positiva, en la que se comparten historias de vida de usuarios que han recuperado la alegr\u00eda, la salud emocional y el sentido de pertenencia, demostrando que estos centros ayudan a combatir la soledad y fortalecen los lazos comunitarios.<\/p>\n\n\n\n<p>\u201cAqu\u00ed hacemos comunidad; aqu\u00ed nadie se siente solo, nos sentimos protegidos y acompa\u00f1ados. Ese es el valor m\u00e1s grande de los espacios p\u00fablicos cuando las personas se adue\u00f1an de ellos\u201d, se\u00f1al\u00f3 la alcaldesa, al invitar a los adultos mayores a cuidar, usar y hacer suyo este nuevo espacio.<\/p>\n\n\n\n<p>La mun\u00edcipe reiter\u00f3 que el bienestar de las personas adultas mayores es una prioridad para el Ayuntamiento de M\u00e9rida, reconociendo el legado de quienes durante a\u00f1os cuidaron a sus familias y construyeron la ciudad que hoy disfrutan las nuevas generaciones, en una M\u00e9rida que se desarrolla con un estilo propio y que \u201ccuida a quienes nos cuidaron\u201d, afirm\u00f3.<\/p>\n\n\n\n<p>Con acciones como esta, el Ayuntamiento de M\u00e9rida suma ya 10 espacios en toda la ciudad dedicados a la atenci\u00f3n integral de las personas adultas mayores, avanzando hacia una M\u00e9rida m\u00e1s sana, inclusiva y solidaria, donde se promueve la felicidad, la salud f\u00edsica y mental, y una mejor calidad de vida para todos.<\/p>\n\n\n\n<p>Estuvieron presentes la diputada local Mar\u00eda Teresa Boehm Calero, la coordinadora general de Justicia Social y Desarrollo Humano, Flora Zapata Mendiolea, y el director del DIF Municipal, Gerardo L\u00f3pez Fern\u00e1ndez.<\/p>\n","protected":false},"excerpt":{"rendered":"<p>M\u00c9RIDA, Yucat\u00e1n.- Como parte de la estrategia municipal para fortalecer el bienestar integral de las y los meridanos, la presidenta municipal Cecilia Patr\u00f3n Laviada inaugur\u00f3 las nuevas Canchas de Usos<\/p>\n","protected":false},"author":2,"featured_media":137975,"comment_status":"open","ping_status":"open","sticky":false,"template":"","format":"standard","meta":{"jetpack_post_was_ever_published":false,"_jetpack_newsletter_access":"","_jetpack_dont_email_post_to_subs":false,"_jetpack_newsletter_tier_id":0,"_jetpack_memberships_contains_paywalled_content":false,"_jetpack_memberships_contains_paid_content":false,"footnotes":"","jetpack_publicize_message":"","jetpack_publicize_feature_enabled":true,"jetpack_social_post_already_shared":true,"jetpack_social_options":{"image_generator_settings":{"template":"highway","default_image_id":0,"font":"","enabled":false},"version":2}},"categories":[14],"tags":[],"class_list":["post-137972","post","type-post","status-publish","format-standard","has-post-thumbnail","hentry","category-merida"],"jetpack_publicize_connections":[],"jetpack_featured_media_url":"https:\/\/formalprision.com\/wp-content\/uploads\/2026\/01\/WhatsApp-Image-2026-01-27-at-12.39.54-PM1.jpeg","jetpack_sharing_enabled":true,"jetpack_shortlink":"https:\/\/wp.me\/p6id8p-zTm","_links":{"self":[{"href":"https:\/\/formalprision.com\/index.php?rest_route=\/wp\/v2\/posts\/137972","targetHints":{"allow":["GET"]}}],"collection":[{"href":"https:\/\/formalprision.com\/index.php?rest_route=\/wp\/v2\/posts"}],"about":[{"href":"https:\/\/formalprision.com\/index.php?rest_route=\/wp\/v2\/types\/post"}],"author":[{"embeddable":true,"href":"https:\/\/formalprision.com\/index.php?rest_route=\/wp\/v2\/users\/2"}],"replies":[{"embeddable":true,"href":"https:\/\/formalprision.com\/index.php?rest_route=%2Fwp%2Fv2%2Fcomments&post=137972"}],"version-history":[{"count":2,"href":"https:\/\/formalprision.com\/index.php?rest_route=\/wp\/v2\/posts\/137972\/revisions"}],"predecessor-version":[{"id":137976,"href":"https:\/\/formalprision.com\/index.php?rest_route=\/wp\/v2\/posts\/137972\/revisions\/137976"}],"wp:featuredmedia":[{"embeddable":true,"href":"https:\/\/formalprision.com\/index.php?rest_route=\/wp\/v2\/media\/137975"}],"wp:attachment":[{"href":"https:\/\/formalprision.com\/index.php?rest_route=%2Fwp%2Fv2%2Fmedia&parent=137972"}],"wp:term":[{"taxonomy":"category","embeddable":true,"href":"https:\/\/formalprision.com\/index.php?rest_route=%2Fwp%2Fv2%2Fcategories&post=137972"},{"taxonomy":"post_tag","embeddable":true,"href":"https:\/\/formalprision.com\/index.php?rest_route=%2Fwp%2Fv2%2Ftags&post=137972"}],"curies":[{"name":"wp","href":"https:\/\/api.w.org\/{rel}","templated":true}]}}