{"id":137996,"date":"2026-01-28T17:23:43","date_gmt":"2026-01-28T22:23:43","guid":{"rendered":"https:\/\/formalprision.com\/?p=137996"},"modified":"2026-01-28T23:59:45","modified_gmt":"2026-01-29T04:59:45","slug":"avanza-la-planeacion-ordenada-de-merida-con-voz-ciudadana-y-vision-al-2050-cecilia-patron","status":"publish","type":"post","link":"https:\/\/formalprision.com\/?p=137996","title":{"rendered":"Avanza la planeaci\u00f3n ordenada de M\u00e9rida con voz ciudadana y visi\u00f3n al 2050: Cecilia Patr\u00f3n"},"content":{"rendered":"\n<p>M\u00c9RIDA, Yucat\u00e1n.- Con la convicci\u00f3n de construir el desarrollo de M\u00e9rida de manera m\u00e1s ordenada y con justicia social, el Ayuntamiento avanza con el proyecto del Programa Municipal de Ordenamiento Territorial y Desarrollo Urbano, que incluye la voz de la ciudadan\u00eda con visi\u00f3n hacia el 2050, y que marcar\u00e1 la ruta de crecimiento responsable del municipio.<\/p>\n\n\n\n<p>\u201cEl objetivo es claro, desarrollar a M\u00e9rida con orden, justicia social y una planeaci\u00f3n estrat\u00e9gica con visi\u00f3n de futuro, donde tanto autoridades como ciudadan\u00eda conozcan y ejerzan sus derechos, pero tambi\u00e9n asuman sus responsabilidades para lograr un crecimiento con piso parejo para todas y todos\u201d, se\u00f1al\u00f3 la alcaldesa.<\/p>\n\n\n\n<p>En esta tercera sesi\u00f3n ordinaria, el Consejo Municipal de Desarrollo Urbano y Vivienda aprob\u00f3 el proyecto del nuevo programa de desarrollo urbano de la ciudad, en el que la mun\u00edcipe resalt\u00f3 la actualizaci\u00f3n que contempla cambios importantes para M\u00e9rida, resultado directo de la consulta p\u00fablica en un ejercicio que permiti\u00f3 contrastar la propuesta t\u00e9cnica con la realidad cotidiana de las colonias, comisar\u00edas y familias meridanas.<\/p>\n\n\n\n<p>En esta nueva etapa se ha decidido apostar de manera transversal por decisiones claras, estrat\u00e9gicas y democr\u00e1ticas que respondan al crecimiento acelerado de la ciudad y sienten bases s\u00f3lidas para un desarrollo sostenible con un sistema de conectividad y movilidad eficiente, vialidades estructurales, y zonificaciones primarias y secundarias bien definidas.<\/p>\n\n\n\n<p>En el nivel estrat\u00e9gico, los ajustes presentados incluyen la redelimitaci\u00f3n de las Zonas Urbanas de Intervenci\u00f3n, el crecimiento del l\u00edmite urbano al 2050, el reconocimiento de \u00e1reas urbanizables por derechos adquiridos, la redefinici\u00f3n de Secciones de Orden Urbano, as\u00ed como la incorporaci\u00f3n y reclasificaci\u00f3n de vialidades y ajustes en zonas patrimoniales.<\/p>\n\n\n\n<p>Tambi\u00e9n en este espacio de di\u00e1logo institucional que refrenda la responsabilidad compartida entre gobierno y ciudadan\u00eda se consider\u00f3 la migraci\u00f3n diaria en el municipio en la zona metropolitana, el impacto en las vialidades, servicios y equipamiento p\u00fablico.<\/p>\n\n\n\n<p>En el nivel normativo, se propusieron adecuaciones a los coeficientes de ocupaci\u00f3n y utilizaci\u00f3n del suelo, la redefinici\u00f3n de compatibilidades de uso y ajustes a los lineamientos generales, con el objetivo de evitar la urbanizaci\u00f3n desarticulada, reducir riesgos ambientales y garantizar certeza jur\u00eddica.<\/p>\n\n\n\n<p>Un eje fundamental del nuevo ordenamiento es la protecci\u00f3n de los pueblos originarios, quienes tendr\u00e1n un espacio relevante dentro del Programa de Desarrollo Urbano, preservando su identidad comunitaria frente a la presi\u00f3n del crecimiento urbano y reconociendo su valor cultural y social.<\/p>\n\n\n\n<p>La Consulta P\u00fablica, realizada del 4 de noviembre al 3 de diciembre de 2025, fue clave para enriquecer el programa, permitiendo ordenar el desarrollo con acciones espec\u00edficas, priorizar la inversi\u00f3n p\u00fablica, mejorar la conectividad y asegurar vialidades m\u00e1s eficientes para la movilidad diaria de la ciudad.<\/p>\n\n\n\n<p>Tras su aprobaci\u00f3n en el consejo consultivo, este documento rector pasar\u00e1 al Cabildo meridano para aprobaci\u00f3n en su caso, y posteriormente ser\u00e1 remitido al Instituto de Movilidad y Desarrollo Urbano Territorial (IMDUT), que podr\u00e1 realizar observaciones al respecto.<\/p>\n\n\n\n<p>La presidenta municipal subray\u00f3 que M\u00e9rida debe crecer sin perder su esencia \u201cuna ciudad que permita la ampliaci\u00f3n urbana mientras protege su patrimonio tangible e intangible, sus comisar\u00edas, su cultura y sus \u00e1reas naturales protegidas, que son fuente de salud, armon\u00eda y bienestar colectivo\u201d, a\u00f1adi\u00f3.<\/p>\n\n\n\n<p>En este contexto, tambi\u00e9n se destac\u00f3 la coordinaci\u00f3n metropolitana, fortalecida en enero de 2026 con la asistencia t\u00e9cnica del Proyecto CIDEU de Planificaci\u00f3n Supramunicipal, que permitir\u00e1 consolidar el Sistema de Nodos Metropolitanos, con M\u00e9rida como eje articulador junto a municipios vecinos.<\/p>\n\n\n\n<p>Tambi\u00e9n se contemplan una cartera de proyectos para red vial, mejoramiento de infraestructura peatonal, proyectos de la red ciclista. Cabe destacar que estos cambios marcar\u00e1n adem\u00e1s el ajuste de reglamentos municipales que brindar\u00e1n sustento jur\u00eddico y bases normativas necesarias para su aplicaci\u00f3n.<\/p>\n\n\n\n<p>Cecilia Patr\u00f3n Laviada reconoci\u00f3 el trabajo del Consejo Consultivo, del equipo t\u00e9cnico del IMPLAN y de cada persona que particip\u00f3 en la consulta, se\u00f1alando que este es el primer gran paso para frenar el crecimiento desordenado que ha generado desigualdades y avanzar hacia soluciones estructurales y de fondo, pero siendo din\u00e1mico y ajustable conforme a la realidad que vaya enfrentado la ciudad.<\/p>\n\n\n\n<p>El Ayuntamiento reafirma su compromiso de proyectar a M\u00e9rida al 2050 como una ciudad ordenada, justa, sostenible y fiel a su identidad, donde el desarrollo no excluya, el crecimiento no genere desigualdad y el futuro se construya en comunidad.<\/p>\n","protected":false},"excerpt":{"rendered":"<p>M\u00c9RIDA, Yucat\u00e1n.- Con la convicci\u00f3n de construir el desarrollo de M\u00e9rida de manera m\u00e1s ordenada y con justicia social, el Ayuntamiento avanza con el proyecto del Programa Municipal de Ordenamiento<\/p>\n","protected":false},"author":2,"featured_media":137999,"comment_status":"open","ping_status":"open","sticky":false,"template":"","format":"standard","meta":{"jetpack_post_was_ever_published":false,"_jetpack_newsletter_access":"","_jetpack_dont_email_post_to_subs":false,"_jetpack_newsletter_tier_id":0,"_jetpack_memberships_contains_paywalled_content":false,"_jetpack_memberships_contains_paid_content":false,"footnotes":"","jetpack_publicize_message":"","jetpack_publicize_feature_enabled":true,"jetpack_social_post_already_shared":true,"jetpack_social_options":{"image_generator_settings":{"template":"highway","default_image_id":0,"font":"","enabled":false},"version":2}},"categories":[14],"tags":[],"class_list":["post-137996","post","type-post","status-publish","format-standard","has-post-thumbnail","hentry","category-merida"],"jetpack_publicize_connections":[],"jetpack_featured_media_url":"https:\/\/formalprision.com\/wp-content\/uploads\/2026\/01\/WhatsApp-Image-2026-01-28-at-3.08.11-PM.jpeg","jetpack_sharing_enabled":true,"jetpack_shortlink":"https:\/\/wp.me\/p6id8p-zTK","_links":{"self":[{"href":"https:\/\/formalprision.com\/index.php?rest_route=\/wp\/v2\/posts\/137996","targetHints":{"allow":["GET"]}}],"collection":[{"href":"https:\/\/formalprision.com\/index.php?rest_route=\/wp\/v2\/posts"}],"about":[{"href":"https:\/\/formalprision.com\/index.php?rest_route=\/wp\/v2\/types\/post"}],"author":[{"embeddable":true,"href":"https:\/\/formalprision.com\/index.php?rest_route=\/wp\/v2\/users\/2"}],"replies":[{"embeddable":true,"href":"https:\/\/formalprision.com\/index.php?rest_route=%2Fwp%2Fv2%2Fcomments&post=137996"}],"version-history":[{"count":1,"href":"https:\/\/formalprision.com\/index.php?rest_route=\/wp\/v2\/posts\/137996\/revisions"}],"predecessor-version":[{"id":137997,"href":"https:\/\/formalprision.com\/index.php?rest_route=\/wp\/v2\/posts\/137996\/revisions\/137997"}],"wp:featuredmedia":[{"embeddable":true,"href":"https:\/\/formalprision.com\/index.php?rest_route=\/wp\/v2\/media\/137999"}],"wp:attachment":[{"href":"https:\/\/formalprision.com\/index.php?rest_route=%2Fwp%2Fv2%2Fmedia&parent=137996"}],"wp:term":[{"taxonomy":"category","embeddable":true,"href":"https:\/\/formalprision.com\/index.php?rest_route=%2Fwp%2Fv2%2Fcategories&post=137996"},{"taxonomy":"post_tag","embeddable":true,"href":"https:\/\/formalprision.com\/index.php?rest_route=%2Fwp%2Fv2%2Ftags&post=137996"}],"curies":[{"name":"wp","href":"https:\/\/api.w.org\/{rel}","templated":true}]}}