{"id":138003,"date":"2026-01-28T22:06:58","date_gmt":"2026-01-29T03:06:58","guid":{"rendered":"https:\/\/formalprision.com\/?p=138003"},"modified":"2026-01-28T22:06:58","modified_gmt":"2026-01-29T03:06:58","slug":"supervisan-diaz-mena-y-la-titular-de-la-sedatu-avances-del-programa-de-vivienda-para-el-bienestar","status":"publish","type":"post","link":"https:\/\/formalprision.com\/?p=138003","title":{"rendered":"Supervisan D\u00edaz Mena y la titular de la Sedatu avances del Programa de Vivienda para el Bienestar"},"content":{"rendered":"\n<p>Tepak\u00e1n, Yucat\u00e1n, a 28 de enero de 2026-Como parte del seguimiento a las acciones del Programa de Vivienda para el Bienestar, el gobernador Joaqu\u00edn D\u00edaz Mena y la titular de la Sedatu, Edna Elena Vega Rangel, realizaron una gira de supervisi\u00f3n por diversos municipios del estado para constatar los avances en la construcci\u00f3n de viviendas destinadas a familias yucatecas<br>&nbsp;<br>Durante la jornada, las autoridades supervisaron en Motul los avances en la edificaci\u00f3n de 150 viviendas; posteriormente, en Teya, constataron la construcci\u00f3n de 50 casas; y, finalmente, revisaron los trabajos correspondientes a 100 futuros hogares en el municipio de Tepak\u00e1n, como parte de este programa federal orientado a garantizar el acceso a una vivienda digna.<br>&nbsp;<br>El gobernador afirm\u00f3 que estas acciones reflejan el compromiso del Gobierno de M\u00e9xico con las familias que hist\u00f3ricamente han carecido de un patrimonio propio.<br>&nbsp;<br>Por su parte, la titular de la Sedatu enfatiz\u00f3 la importancia de mantener supervisi\u00f3n constante en territorio para asegurar el desarrollo adecuado de los proyectos. \u201cEstar en territorio nos confirma que estamos haciendo bien las cosas y que este esfuerzo conjunto se traduce en beneficios reales para las familias\u201d, se\u00f1al\u00f3 Vega Rangel.<br>&nbsp;<\/p>\n","protected":false},"excerpt":{"rendered":"<p>Tepak\u00e1n, Yucat\u00e1n, a 28 de enero de 2026-Como parte del seguimiento a las acciones del Programa de Vivienda para el Bienestar, el gobernador Joaqu\u00edn D\u00edaz Mena y la titular de<\/p>\n","protected":false},"author":1,"featured_media":138004,"comment_status":"open","ping_status":"open","sticky":false,"template":"","format":"standard","meta":{"jetpack_post_was_ever_published":false,"_jetpack_newsletter_access":"","_jetpack_dont_email_post_to_subs":false,"_jetpack_newsletter_tier_id":0,"_jetpack_memberships_contains_paywalled_content":false,"_jetpack_memberships_contains_paid_content":false,"footnotes":"","jetpack_publicize_message":"","jetpack_publicize_feature_enabled":true,"jetpack_social_post_already_shared":true,"jetpack_social_options":{"image_generator_settings":{"template":"highway","default_image_id":0,"font":"","enabled":false},"version":2}},"categories":[54],"tags":[],"class_list":["post-138003","post","type-post","status-publish","format-standard","has-post-thumbnail","hentry","category-yucatan"],"jetpack_publicize_connections":[],"jetpack_featured_media_url":"https:\/\/formalprision.com\/wp-content\/uploads\/2026\/01\/IMG-20260128-WA0101.jpg","jetpack_sharing_enabled":true,"jetpack_shortlink":"https:\/\/wp.me\/p6id8p-zTR","_links":{"self":[{"href":"https:\/\/formalprision.com\/index.php?rest_route=\/wp\/v2\/posts\/138003","targetHints":{"allow":["GET"]}}],"collection":[{"href":"https:\/\/formalprision.com\/index.php?rest_route=\/wp\/v2\/posts"}],"about":[{"href":"https:\/\/formalprision.com\/index.php?rest_route=\/wp\/v2\/types\/post"}],"author":[{"embeddable":true,"href":"https:\/\/formalprision.com\/index.php?rest_route=\/wp\/v2\/users\/1"}],"replies":[{"embeddable":true,"href":"https:\/\/formalprision.com\/index.php?rest_route=%2Fwp%2Fv2%2Fcomments&post=138003"}],"version-history":[{"count":1,"href":"https:\/\/formalprision.com\/index.php?rest_route=\/wp\/v2\/posts\/138003\/revisions"}],"predecessor-version":[{"id":138005,"href":"https:\/\/formalprision.com\/index.php?rest_route=\/wp\/v2\/posts\/138003\/revisions\/138005"}],"wp:featuredmedia":[{"embeddable":true,"href":"https:\/\/formalprision.com\/index.php?rest_route=\/wp\/v2\/media\/138004"}],"wp:attachment":[{"href":"https:\/\/formalprision.com\/index.php?rest_route=%2Fwp%2Fv2%2Fmedia&parent=138003"}],"wp:term":[{"taxonomy":"category","embeddable":true,"href":"https:\/\/formalprision.com\/index.php?rest_route=%2Fwp%2Fv2%2Fcategories&post=138003"},{"taxonomy":"post_tag","embeddable":true,"href":"https:\/\/formalprision.com\/index.php?rest_route=%2Fwp%2Fv2%2Ftags&post=138003"}],"curies":[{"name":"wp","href":"https:\/\/api.w.org\/{rel}","templated":true}]}}