{"id":138032,"date":"2026-01-29T20:35:03","date_gmt":"2026-01-30T01:35:03","guid":{"rendered":"https:\/\/formalprision.com\/?p=138032"},"modified":"2026-01-30T21:02:54","modified_gmt":"2026-01-31T02:02:54","slug":"elefante-marino-vacaciona-en-playas-de-nayarit","status":"publish","type":"post","link":"https:\/\/formalprision.com\/?p=138032","title":{"rendered":"Elefante marino \u2018vacaciona\u2019 en playas de Nayarit"},"content":{"rendered":"\n<p>En \u00faltimos d\u00edas, un elefante marino se convirti\u00f3 en el principal atractivo de las playas de Nayarit.<\/p>\n\n\n\n<p>Se trata de \u2018Panchito Cort\u00e9s\u2018, esp\u00e9cimen que de acuerdo con pobladores, ha visitado otras playas del estado en a\u00f1os anteriores.<\/p>\n\n\n\n<p>En d\u00edas pasados, el elefante marino arrib\u00f3 a Playa Los Ayala, perteneciente al municipio de Compostela.<\/p>\n\n\n\n<p>Personal de la Procuradur\u00eda Federal de Protecci\u00f3n al Ambiente (Profepa) constat\u00f3 que el animal se encuentra en buenas condiciones de salud.<\/p>\n\n\n\n<p>Se presume que sali\u00f3 \u00fanicamente a descansar, conducta com\u00fan en la especie\u201d, se\u00f1al\u00f3.<\/p>\n\n\n\n<p>Marina resguarda al elefante marino \u2018Panchito\u2019 en Nayarit<\/p>\n\n\n\n<p>Durante su estancia en playas de Nayarit, \u2018Panchito\u2018 ser\u00e1 vigilado y monitoreado por elementos de Profepa, Protecci\u00f3n Civil, Seguridad P\u00fablica de Compostela y de la Secretar\u00eda de Marina.<\/p>\n\n\n\n<p>La Marina detall\u00f3 que el ejemplar mide 3 metros de largo y pesa entre 700 y 900 kg.<\/p>\n\n\n\n<p>A fin de evitar que la afluencia tur\u00edstica interfiera o perturbe su descanso, elementos navales establecieron un per\u00edmetro de seguridad de aproximadamente 80 metros.<\/p>\n\n\n\n<p>El \u00e1rea permanecer\u00e1 bajo la vigilancia de autoridades civiles y navales hasta que el elefante marino regrese al oc\u00e9ano por voluntad propia\u201d, se\u00f1al\u00f3 en un comunicado.<\/p>\n","protected":false},"excerpt":{"rendered":"<p>En \u00faltimos d\u00edas, un elefante marino se convirti\u00f3 en el principal atractivo de las playas de Nayarit. Se trata de \u2018Panchito Cort\u00e9s\u2018, esp\u00e9cimen que de acuerdo con pobladores, ha visitado<\/p>\n","protected":false},"author":2,"featured_media":138034,"comment_status":"open","ping_status":"open","sticky":false,"template":"","format":"standard","meta":{"jetpack_post_was_ever_published":false,"_jetpack_newsletter_access":"","_jetpack_dont_email_post_to_subs":false,"_jetpack_newsletter_tier_id":0,"_jetpack_memberships_contains_paywalled_content":false,"_jetpack_memberships_contains_paid_content":false,"footnotes":"","jetpack_publicize_message":"","jetpack_publicize_feature_enabled":true,"jetpack_social_post_already_shared":true,"jetpack_social_options":{"image_generator_settings":{"template":"highway","default_image_id":0,"font":"","enabled":false},"version":2}},"categories":[23,21],"tags":[],"class_list":["post-138032","post","type-post","status-publish","format-standard","has-post-thumbnail","hentry","category-del-mundo","category-nacionales"],"jetpack_publicize_connections":[],"jetpack_featured_media_url":"https:\/\/formalprision.com\/wp-content\/uploads\/2026\/01\/panchio.jpg","jetpack_sharing_enabled":true,"jetpack_shortlink":"https:\/\/wp.me\/p6id8p-zUk","_links":{"self":[{"href":"https:\/\/formalprision.com\/index.php?rest_route=\/wp\/v2\/posts\/138032","targetHints":{"allow":["GET"]}}],"collection":[{"href":"https:\/\/formalprision.com\/index.php?rest_route=\/wp\/v2\/posts"}],"about":[{"href":"https:\/\/formalprision.com\/index.php?rest_route=\/wp\/v2\/types\/post"}],"author":[{"embeddable":true,"href":"https:\/\/formalprision.com\/index.php?rest_route=\/wp\/v2\/users\/2"}],"replies":[{"embeddable":true,"href":"https:\/\/formalprision.com\/index.php?rest_route=%2Fwp%2Fv2%2Fcomments&post=138032"}],"version-history":[{"count":1,"href":"https:\/\/formalprision.com\/index.php?rest_route=\/wp\/v2\/posts\/138032\/revisions"}],"predecessor-version":[{"id":138033,"href":"https:\/\/formalprision.com\/index.php?rest_route=\/wp\/v2\/posts\/138032\/revisions\/138033"}],"wp:featuredmedia":[{"embeddable":true,"href":"https:\/\/formalprision.com\/index.php?rest_route=\/wp\/v2\/media\/138034"}],"wp:attachment":[{"href":"https:\/\/formalprision.com\/index.php?rest_route=%2Fwp%2Fv2%2Fmedia&parent=138032"}],"wp:term":[{"taxonomy":"category","embeddable":true,"href":"https:\/\/formalprision.com\/index.php?rest_route=%2Fwp%2Fv2%2Fcategories&post=138032"},{"taxonomy":"post_tag","embeddable":true,"href":"https:\/\/formalprision.com\/index.php?rest_route=%2Fwp%2Fv2%2Ftags&post=138032"}],"curies":[{"name":"wp","href":"https:\/\/api.w.org\/{rel}","templated":true}]}}