{"id":138035,"date":"2026-01-29T21:31:39","date_gmt":"2026-01-30T02:31:39","guid":{"rendered":"https:\/\/formalprision.com\/?p=138035"},"modified":"2026-01-29T23:15:10","modified_gmt":"2026-01-30T04:15:10","slug":"cecilia-patron-inaugura-el-hotel-sevilla-joya-del-centro-historico-de-merida","status":"publish","type":"post","link":"https:\/\/formalprision.com\/?p=138035","title":{"rendered":"Cecilia Patr\u00f3n inaugura el Hotel Sevilla, joya del Centro Hist\u00f3rico de M\u00e9rida"},"content":{"rendered":"\n<p>M\u00c9RIDA, Yucat\u00e1n.- Con la confianza en los atributos y gobernanza en M\u00e9rida, Grupo Habita inaugur\u00f3 el Hotel Sevilla ubicado en el Centro Hist\u00f3rico, en ceremonia que encabez\u00f3 la presidenta municipal Cecilia Patr\u00f3n Laviada.<\/p>\n\n\n\n<p>\u201cM\u00e9rida est\u00e1 a la altura de este tipo de proyectos, de los nuevos retos que impone la actividad tur\u00edstica. No es casualidad que nuestra ciudad sea reconocida como una de las mejores de M\u00e9xico para visitar, vivir e invertir\u201d, dijo la alcaldesa.<\/p>\n\n\n\n<p>Agradeci\u00f3 la confianza de Grupo Habita, por entender y sumarse a este desarrollo econ\u00f3mico de M\u00e9rida, por creer en el trabajo de su gente y por apoyar a las familias meridanas con empleos.<\/p>\n\n\n\n<p>El hotel, una casona reinventada por el estudio interdisciplinario Zeller &amp; Moye, est\u00e1 ubicado en la calle 62 entre 63 y 65, y cuenta con 21 habitaciones, bar, alberca, sauna, cenote y servicio de masajes.<\/p>\n\n\n\n<p>Entre los asistentes estuvieron Carlos Couturier, socio fundador de Grupo Habita; Mois\u00e9s Micha, socio fundador; Claudia Gonz\u00e1lez G\u00f3ngora, presidenta del Consejo Coordinador Empresarial, y Armando Casares Espinosa, secretario t\u00e9cnico de la Unidad de Turismo del Ayuntamiento de M\u00e9rida.<\/p>\n","protected":false},"excerpt":{"rendered":"<p>M\u00c9RIDA, Yucat\u00e1n.- Con la confianza en los atributos y gobernanza en M\u00e9rida, Grupo Habita inaugur\u00f3 el Hotel Sevilla ubicado en el Centro Hist\u00f3rico, en ceremonia que encabez\u00f3 la presidenta municipal<\/p>\n","protected":false},"author":2,"featured_media":138037,"comment_status":"open","ping_status":"open","sticky":false,"template":"","format":"standard","meta":{"jetpack_post_was_ever_published":false,"_jetpack_newsletter_access":"","_jetpack_dont_email_post_to_subs":false,"_jetpack_newsletter_tier_id":0,"_jetpack_memberships_contains_paywalled_content":false,"_jetpack_memberships_contains_paid_content":false,"footnotes":"","jetpack_publicize_message":"","jetpack_publicize_feature_enabled":true,"jetpack_social_post_already_shared":true,"jetpack_social_options":{"image_generator_settings":{"template":"highway","default_image_id":0,"font":"","enabled":false},"version":2}},"categories":[54],"tags":[],"class_list":["post-138035","post","type-post","status-publish","format-standard","has-post-thumbnail","hentry","category-yucatan"],"jetpack_publicize_connections":[],"jetpack_featured_media_url":"https:\/\/formalprision.com\/wp-content\/uploads\/2026\/01\/WhatsApp-Image-2026-01-29-at-8.14.34-PM.jpeg","jetpack_sharing_enabled":true,"jetpack_shortlink":"https:\/\/wp.me\/p6id8p-zUn","_links":{"self":[{"href":"https:\/\/formalprision.com\/index.php?rest_route=\/wp\/v2\/posts\/138035","targetHints":{"allow":["GET"]}}],"collection":[{"href":"https:\/\/formalprision.com\/index.php?rest_route=\/wp\/v2\/posts"}],"about":[{"href":"https:\/\/formalprision.com\/index.php?rest_route=\/wp\/v2\/types\/post"}],"author":[{"embeddable":true,"href":"https:\/\/formalprision.com\/index.php?rest_route=\/wp\/v2\/users\/2"}],"replies":[{"embeddable":true,"href":"https:\/\/formalprision.com\/index.php?rest_route=%2Fwp%2Fv2%2Fcomments&post=138035"}],"version-history":[{"count":1,"href":"https:\/\/formalprision.com\/index.php?rest_route=\/wp\/v2\/posts\/138035\/revisions"}],"predecessor-version":[{"id":138036,"href":"https:\/\/formalprision.com\/index.php?rest_route=\/wp\/v2\/posts\/138035\/revisions\/138036"}],"wp:featuredmedia":[{"embeddable":true,"href":"https:\/\/formalprision.com\/index.php?rest_route=\/wp\/v2\/media\/138037"}],"wp:attachment":[{"href":"https:\/\/formalprision.com\/index.php?rest_route=%2Fwp%2Fv2%2Fmedia&parent=138035"}],"wp:term":[{"taxonomy":"category","embeddable":true,"href":"https:\/\/formalprision.com\/index.php?rest_route=%2Fwp%2Fv2%2Fcategories&post=138035"},{"taxonomy":"post_tag","embeddable":true,"href":"https:\/\/formalprision.com\/index.php?rest_route=%2Fwp%2Fv2%2Ftags&post=138035"}],"curies":[{"name":"wp","href":"https:\/\/api.w.org\/{rel}","templated":true}]}}