{"id":138065,"date":"2026-01-30T21:17:59","date_gmt":"2026-01-31T02:17:59","guid":{"rendered":"https:\/\/formalprision.com\/?p=138065"},"modified":"2026-02-01T10:28:51","modified_gmt":"2026-02-01T15:28:51","slug":"crece-en-merida-la-atencion-y-apoyo-a-mujeres-en-condicion-de-calle-y-con-padecimientos-mentales","status":"publish","type":"post","link":"https:\/\/formalprision.com\/?p=138065","title":{"rendered":"Crece en M\u00e9rida la atenci\u00f3n y apoyo a mujeres en condici\u00f3n de calle y con padecimientos mentales"},"content":{"rendered":"\n<p>M\u00c9RIDA, Yucat\u00e1n.- En constante mejora de atenci\u00f3n y apoyo a las mujeres meridanas, el Cabildo aprob\u00f3 la propuesta de la presidenta municipal de M\u00e9rida, Cecilia Patr\u00f3n Laviada, para impulsar la atenci\u00f3n a mujeres en situaci\u00f3n de calle, con padecimientos o adicciones mediante el primer refugio destinado a este sector.<\/p>\n\n\n\n<p>\u201cSomos un Ayuntamiento que trabaja por las mujeres. Y como un hito hist\u00f3rico, contamos con el Primer Refugio para Mujeres en Situaci\u00f3n de Calle y con Problemas de Adicciones en M\u00e9rida, que brindar\u00e1 atenci\u00f3n a mujeres en situaci\u00f3n de vulnerabilidad\u201d, declar\u00f3 la alcaldesa durante su intervenci\u00f3n.<\/p>\n\n\n\n<p>Por unanimidad se autoriz\u00f3 celebrar un convenio de colaboraci\u00f3n con la asociaci\u00f3n civil Igualdad con Perspectiva, con el objeto de que el municipio realice una aportaci\u00f3n econ\u00f3mica mensual por la cantidad de 6 mil pesos a fin de que lo destine a la realizaci\u00f3n de esta atenci\u00f3n prioritaria de mujeres en situaci\u00f3n vulnerable.<\/p>\n\n\n\n<p>Adem\u00e1s, la primera edil agradeci\u00f3 de manera muy especial a las regidoras y regidores por su sensibilidad, y sentido de responsabilidad en su trabajo colegiado, con la que se refleja un Cabildo que entiende que gobernar tambi\u00e9n es cuidar, proteger y actuar con justicia social.<\/p>\n\n\n\n<p>Este refugio ser\u00e1 el primer espacio de protecci\u00f3n, acompa\u00f1amiento y dignidad, pensado exclusivamente para mujeres que han vivido contextos de exclusi\u00f3n, violencia y abandono. Mujeres que merecen una nueva oportunidad, atenci\u00f3n integral y un entorno seguro para reconstruir su proyecto de vida.<\/p>\n\n\n\n<p>Gracias a la coordinaci\u00f3n con la asociaci\u00f3n civil Igualdad con Perspectiva, a quienes se les reconoci\u00f3 su compromiso, experiencia y vocaci\u00f3n social en las distintas intervenciones de regidoras y regidores, se destac\u00f3 que cuando el gobierno y la sociedad civil trabajan de la mano, los resultados trascienden y transforman realidades.<\/p>\n\n\n\n<p>Cecilia Patr\u00f3n indic\u00f3 que desde el primer d\u00eda de la administraci\u00f3n se han emprendido acciones en favor de las mujeres, en materia de seguridad y empoderamiento; abriendo puertas, generando oportunidades y cuidando su integridad con iniciativas concretas como L\u00ednea Mujer, los Botones de Alerta Segura, y cr\u00e9ditos de Mujer a Mujer, para que vivan libres y seguras.<\/p>\n\n\n\n<p>Cabe destacar que para el ejercicio presupuestal de este a\u00f1o se destinaton 245 millones de pesos a acciones municipales a favor de las mujeres, equivalentes a casi el 24 por ciento del presupuesto municipal, en pocas palabras, cerca de un peso de cada 4 del presupuesto programable de bienes y servicios destinados a acciones con perspectiva de g\u00e9nero.<\/p>\n\n\n\n<p>Una muestra m\u00e1s de que en M\u00e9rida se sigue construyendo una ciudad m\u00e1s incluyente, solidaria y humana, donde las mujeres somos visibles y donde la esperanza tiene un lugar seguro para comenzar de nuevo.<\/p>\n\n\n\n<p><strong>M\u00e1s acciones con justicia social y reconocimiento a talentos culturales.<\/strong><\/p>\n\n\n\n<p>En otros puntos de inter\u00e9s, durante la segunda sesi\u00f3n ordinaria del a\u00f1o, se aprob\u00f3 celebrar convenio de colaboraci\u00f3n con la persona moral denominada Asociaci\u00f3n Vida y Familia de Yucat\u00e1n, I.A.P que proporciona diversos servicios dirigidos a la atenci\u00f3n de grupos vulnerables.<\/p>\n\n\n\n<p>De igual forma se autoriz\u00f3 la convocatoria para licitaciones de equipamiento del centro de estimulaci\u00f3n sensorial para fomentar el aprendizaje, la relajaci\u00f3n y el desarrollo cognitivo solicitadas por el DIF Municipal para el Centro Municipal de Autismo en M\u00e9rida.<\/p>\n\n\n\n<p>\u201cUna definici\u00f3n clara de la ciudad que estamos construyendo y el compromiso que esta administraci\u00f3n ha asumido con la justicia social, con la creaci\u00f3n el Centro Municipal de<br>Autismo y la necesidad de contar con espacios p\u00fablicos especializados accesibles permitir\u00e1 atender a personas del espectro autista\u201d, se\u00f1al\u00f3 la s\u00edndica municipal Mar\u00eda Cristina Castillo Espinosa.<\/p>\n\n\n\n<p>A la par se aprob\u00f3 que el Instituto de las Mujeres pueda suscribirse, celebrar, coordinar, o vincularse al seguimiento de las acciones con la Secretar\u00eda de las Mujeres Federal, a fin de participar en la convocatoria del Programa para la Prevenci\u00f3n y Detecci\u00f3n de las Violencias Feminicidas y la Atenci\u00f3n de las Causas y del Componente C: \u00abApoyo para Espacios de Refugio Especializados para Mujeres V\u00edctimas de Violencia de G\u00e9nero, sus Hijas e Hijos\u00bb.<\/p>\n\n\n\n<p>Por otra parte se aprob\u00f3 celebrar convenios para el Otorgamiento del Subsidio Parcial de la Tarifa o Derecho, seg\u00fan corresponda, por el servicio de recolecci\u00f3n y traslado de residuos s\u00f3lidos urbanos con Pamplona, Corbase, Sana y Servi Limpia, en favor de los de dicho servicio y los generados por los habitantes de las zonas clasificadas como marginadas y\/o escasos recursos, as\u00ed como por las personas inscritas como jubilados y pensionados y de las escuelas p\u00fablicas inscritas en el Programa \u201cEscuela Limpia\u201d en el municipio.<\/p>\n\n\n\n<p>El Cabildo autoriz\u00f3 la Sesi\u00f3n Solemne de Cabildo a celebrarse con motivo de la entrega de la Medalla Silvio Zavala a la Cultura y las Artes, se efect\u00fae el pr\u00f3ximo 6 de febrero en el Auditorio \u201cSilvio Zavala Vallado\u201d e intervenga como Orador Hu\u00e9sped, al distinguido ciudadano Mario Humberto Ruz Sosa.<\/p>\n\n\n\n<p>Por \u00faltimo, se aprobaron realizar las acciones necesarias para otorgar las facilidades administrativas a fin de regularizar la Licencia de Uso de Suelo y permisos correspondientes, con respecto de una Escuela de Nivel Superior, Centro de Bachillerato Tecnol\u00f3gico Industrial y de Servicios, CBTis No. 305, en Ciudad Caucel; y otorgar a favor del Gobierno Federal una pr\u00f3rroga de veinticuatro meses, contados a partir del d\u00eda siguiente de la conclusi\u00f3n de la pr\u00f3rroga anteriormente otorgada, para la construcci\u00f3n de instalaciones para la Guardia Nacional.<\/p>\n","protected":false},"excerpt":{"rendered":"<p>M\u00c9RIDA, Yucat\u00e1n.- En constante mejora de atenci\u00f3n y apoyo a las mujeres meridanas, el Cabildo aprob\u00f3 la propuesta de la presidenta municipal de M\u00e9rida, Cecilia Patr\u00f3n Laviada, para impulsar la<\/p>\n","protected":false},"author":2,"featured_media":138067,"comment_status":"open","ping_status":"open","sticky":false,"template":"","format":"standard","meta":{"jetpack_post_was_ever_published":false,"_jetpack_newsletter_access":"","_jetpack_dont_email_post_to_subs":false,"_jetpack_newsletter_tier_id":0,"_jetpack_memberships_contains_paywalled_content":false,"_jetpack_memberships_contains_paid_content":false,"footnotes":"","jetpack_publicize_message":"","jetpack_publicize_feature_enabled":true,"jetpack_social_post_already_shared":true,"jetpack_social_options":{"image_generator_settings":{"template":"highway","default_image_id":0,"font":"","enabled":false},"version":2}},"categories":[54],"tags":[],"class_list":["post-138065","post","type-post","status-publish","format-standard","has-post-thumbnail","hentry","category-yucatan"],"jetpack_publicize_connections":[],"jetpack_featured_media_url":"https:\/\/formalprision.com\/wp-content\/uploads\/2026\/01\/WhatsApp-Image-2026-01-30-at-8.04.31-PM.jpeg","jetpack_sharing_enabled":true,"jetpack_shortlink":"https:\/\/wp.me\/p6id8p-zUR","_links":{"self":[{"href":"https:\/\/formalprision.com\/index.php?rest_route=\/wp\/v2\/posts\/138065","targetHints":{"allow":["GET"]}}],"collection":[{"href":"https:\/\/formalprision.com\/index.php?rest_route=\/wp\/v2\/posts"}],"about":[{"href":"https:\/\/formalprision.com\/index.php?rest_route=\/wp\/v2\/types\/post"}],"author":[{"embeddable":true,"href":"https:\/\/formalprision.com\/index.php?rest_route=\/wp\/v2\/users\/2"}],"replies":[{"embeddable":true,"href":"https:\/\/formalprision.com\/index.php?rest_route=%2Fwp%2Fv2%2Fcomments&post=138065"}],"version-history":[{"count":2,"href":"https:\/\/formalprision.com\/index.php?rest_route=\/wp\/v2\/posts\/138065\/revisions"}],"predecessor-version":[{"id":138068,"href":"https:\/\/formalprision.com\/index.php?rest_route=\/wp\/v2\/posts\/138065\/revisions\/138068"}],"wp:featuredmedia":[{"embeddable":true,"href":"https:\/\/formalprision.com\/index.php?rest_route=\/wp\/v2\/media\/138067"}],"wp:attachment":[{"href":"https:\/\/formalprision.com\/index.php?rest_route=%2Fwp%2Fv2%2Fmedia&parent=138065"}],"wp:term":[{"taxonomy":"category","embeddable":true,"href":"https:\/\/formalprision.com\/index.php?rest_route=%2Fwp%2Fv2%2Fcategories&post=138065"},{"taxonomy":"post_tag","embeddable":true,"href":"https:\/\/formalprision.com\/index.php?rest_route=%2Fwp%2Fv2%2Ftags&post=138065"}],"curies":[{"name":"wp","href":"https:\/\/api.w.org\/{rel}","templated":true}]}}