{"id":138069,"date":"2026-01-30T22:35:03","date_gmt":"2026-01-31T03:35:03","guid":{"rendered":"https:\/\/formalprision.com\/?p=138069"},"modified":"2026-02-01T10:28:30","modified_gmt":"2026-02-01T15:28:30","slug":"vamos-por-una-merida-mas-ordenada-con-su-crecimiento-urbano-cecilia-patron","status":"publish","type":"post","link":"https:\/\/formalprision.com\/?p=138069","title":{"rendered":"Vamos por una M\u00e9rida m\u00e1s ordenada con su crecimiento urbano: Cecilia Patr\u00f3n"},"content":{"rendered":"\n<p>M\u00c9RIDA, Yucat\u00e1n.- M\u00e9rida da un paso importante a su crecimiento ordenado y pensado en el futuro de quienes la habitan, con la aprobaci\u00f3n del Cabildo del Programa Municipal de Ordenamiento Territorial y Desarrollo Urbano, que dar\u00e1 la pauta para atender el crecimiento y din\u00e1mica acelerada de la ciudad.<\/p>\n\n\n\n<p>\u201cEn este a\u00f1o del orden, nos propusimos avanzar con decisiones precisas, estrat\u00e9gicas y participativas que nos conduzcan a la planeaci\u00f3n del desarrollo sostenible\u201d, enfatiz\u00f3 la presidenta municipal, Cecilia Patr\u00f3n Laviada.<\/p>\n\n\n\n<p>El Programa Municipal de Ordenamiento Territorial y Desarrollo Urbano, as\u00ed como la emisi\u00f3n de Instrumentos de Planeaci\u00f3n Territorial, cuentan con un enfoque estrat\u00e9gico e incluyente, que respeta y aprovecha la estructura territorial de sus componentes urbanos, con visi\u00f3n de prosperidad y perfiles de resiliencia urbana e innovaci\u00f3n tecnol\u00f3gica.<\/p>\n\n\n\n<p>Es resultado de la participaci\u00f3n responsable de la ciudadan\u00eda, de especialistas de la sociedad civil, institutos, universidades, c\u00e1maras desde el seno del Consejo Municipal de Desarrollo Urbano y Vivienda; as\u00ed como del trabajo coordinado entre los distintos \u00f3rdenes de gobierno.<\/p>\n\n\n\n<p>Destaca que por primera vez contempla la protecci\u00f3n y preservaci\u00f3n de la identidad cultural de los pueblos originarios, al crear pol\u00edgonos de contenci\u00f3n en las comisar\u00edas.<\/p>\n\n\n\n<p>Como pasos siguientes antes de su implementaci\u00f3n el Ayuntamiento de M\u00e9rida instruir\u00e1 al Instituto Municipal de Planeaci\u00f3n de M\u00e9rida para que turne este documento aprobado al Instituto de Movilidad y Desarrollo Urbano Territorial (IMDUT), a fin de que se consulte sobre la congruencia y armonizaci\u00f3n del mismo, con el propio instrumento normativo del Gobierno del Estado de Yucat\u00e1n.<\/p>\n","protected":false},"excerpt":{"rendered":"<p>M\u00c9RIDA, Yucat\u00e1n.- M\u00e9rida da un paso importante a su crecimiento ordenado y pensado en el futuro de quienes la habitan, con la aprobaci\u00f3n del Cabildo del Programa Municipal de Ordenamiento<\/p>\n","protected":false},"author":2,"featured_media":138071,"comment_status":"open","ping_status":"open","sticky":false,"template":"","format":"standard","meta":{"jetpack_post_was_ever_published":false,"_jetpack_newsletter_access":"","_jetpack_dont_email_post_to_subs":false,"_jetpack_newsletter_tier_id":0,"_jetpack_memberships_contains_paywalled_content":false,"_jetpack_memberships_contains_paid_content":false,"footnotes":"","jetpack_publicize_message":"","jetpack_publicize_feature_enabled":true,"jetpack_social_post_already_shared":true,"jetpack_social_options":{"image_generator_settings":{"template":"highway","default_image_id":0,"font":"","enabled":false},"version":2}},"categories":[14],"tags":[],"class_list":["post-138069","post","type-post","status-publish","format-standard","has-post-thumbnail","hentry","category-merida"],"jetpack_publicize_connections":[],"jetpack_featured_media_url":"https:\/\/formalprision.com\/wp-content\/uploads\/2026\/01\/WhatsApp-Image-2026-01-30-at-8.36.17-PM.jpeg","jetpack_sharing_enabled":true,"jetpack_shortlink":"https:\/\/wp.me\/p6id8p-zUV","_links":{"self":[{"href":"https:\/\/formalprision.com\/index.php?rest_route=\/wp\/v2\/posts\/138069","targetHints":{"allow":["GET"]}}],"collection":[{"href":"https:\/\/formalprision.com\/index.php?rest_route=\/wp\/v2\/posts"}],"about":[{"href":"https:\/\/formalprision.com\/index.php?rest_route=\/wp\/v2\/types\/post"}],"author":[{"embeddable":true,"href":"https:\/\/formalprision.com\/index.php?rest_route=\/wp\/v2\/users\/2"}],"replies":[{"embeddable":true,"href":"https:\/\/formalprision.com\/index.php?rest_route=%2Fwp%2Fv2%2Fcomments&post=138069"}],"version-history":[{"count":1,"href":"https:\/\/formalprision.com\/index.php?rest_route=\/wp\/v2\/posts\/138069\/revisions"}],"predecessor-version":[{"id":138070,"href":"https:\/\/formalprision.com\/index.php?rest_route=\/wp\/v2\/posts\/138069\/revisions\/138070"}],"wp:featuredmedia":[{"embeddable":true,"href":"https:\/\/formalprision.com\/index.php?rest_route=\/wp\/v2\/media\/138071"}],"wp:attachment":[{"href":"https:\/\/formalprision.com\/index.php?rest_route=%2Fwp%2Fv2%2Fmedia&parent=138069"}],"wp:term":[{"taxonomy":"category","embeddable":true,"href":"https:\/\/formalprision.com\/index.php?rest_route=%2Fwp%2Fv2%2Fcategories&post=138069"},{"taxonomy":"post_tag","embeddable":true,"href":"https:\/\/formalprision.com\/index.php?rest_route=%2Fwp%2Fv2%2Ftags&post=138069"}],"curies":[{"name":"wp","href":"https:\/\/api.w.org\/{rel}","templated":true}]}}