{"id":138570,"date":"2026-02-19T20:50:26","date_gmt":"2026-02-20T01:50:26","guid":{"rendered":"https:\/\/formalprision.com\/?p=138570"},"modified":"2026-02-19T20:50:26","modified_gmt":"2026-02-20T01:50:26","slug":"gobierno-de-yucatan-y-empresarios-revisan-avances-estrategicos-para-el-desarrollo-economico","status":"publish","type":"post","link":"https:\/\/formalprision.com\/?p=138570","title":{"rendered":"Gobierno de Yucat\u00e1n y empresarios revisan avances estrat\u00e9gicos para el desarrollo econ\u00f3mico"},"content":{"rendered":"\n<p>M\u00e9rida, Yucat\u00e1n, a 19 de febrero de 2026.-El gobernador Joaqu\u00edn D\u00edaz Mena recibi\u00f3 en Palacio de Gobierno a las y los integrantes del Consejo Coordinador Empresarial de Yucat\u00e1n, a quienes reafirm\u00f3 su compromiso de trabajar de manera coordinada con el sector._<\/p>\n\n\n\n<p>Se busca consolidar una agenda com\u00fan que impulse el crecimiento econ\u00f3mico, reduzca las desigualdades y fortalezca el bienestar de las familias yucatecas, mediante acciones estrat\u00e9gicas en inversi\u00f3n, empleo, energ\u00eda y desarrollo sostenible._<\/p>\n\n\n\n<p>Durante el encuentro, el gobernador destac\u00f3 que Yucat\u00e1n crece 2.4% y se ubica en el octavo lugar nacional en crecimiento econ\u00f3mico; adem\u00e1s, el sector primario registr\u00f3 un aumento de 22%, seis veces por encima del promedio del pa\u00eds; las exportaciones crecieron m\u00e1s de 20% y la Aduana de Progreso increment\u00f3 casi 47% el valor de lo que se env\u00eda al mundo, datos que \u2014asegur\u00f3\u2014 reflejan una mejora en el desempe\u00f1o econ\u00f3mico de la entidad.<br>&nbsp;<br>Asistieron a esta reuni\u00f3n la secretaria de Infraestructura para el Bienestar, Alaine L\u00f3pez Brice\u00f1o; el secretario de Desarrollo Rural, Edgardo Medina Rodr\u00edguez; el secretario de Fomento Tur\u00edstico, Dar\u00edo Flota Ocampo; el subsecretario de Planeaci\u00f3n para la Sustentabilidad, Jos\u00e9 Luis Gonz\u00e1lez P\u00e9rez; el presidente de Canaco, Jos\u00e9 Enrique Molina Casares; el presidente de Coparmex, David Reyes Aguiar; el presidente de Canacintra, Esteban Roche Rivero; el presidente de Canadevi, Mauricio Morales Greene; el presidente de Canaive, Luis Gerardo Gonz\u00e1lez Morales; la presidenta de Aaayuc, Lorena L\u00f3pez Pinto; y el presidente de Canapat, Carlos Toledo Ram\u00edrez.<br>&nbsp;<br>Adem\u00e1s participaron la presidenta de Ammeyuc, Mar\u00eda Elena Barqu\u00edn Aguilar; el presidente de CMIC, Felipe Alberto Canul Moguel; el presidente de CIRT, Mario David Alcal\u00e1 Dom\u00ednguez; el presidente de Canainma, Marco Antonio Ord\u00f3\u00f1ez Guerrero; el presidente de Asofom, Gerardo L\u00f3pez Naif; el presidente de Canieti, Ra\u00fal Alfonso Rebolledo Alcocer; el vicepresidente de Canainma, Juan Manuel Ponce D\u00edaz; el vicepresidente de Comce, Jorge Charruf C\u00e1ceres; la presidenta del Foro IMEF, M\u00f3nica Alicia Febles \u00c1lvarez Icaza; y la vicepresidenta de Aaprotuy, Lucelly Uc\u00e1n.&nbsp;<br>&nbsp;<\/p>\n","protected":false},"excerpt":{"rendered":"<p>M\u00e9rida, Yucat\u00e1n, a 19 de febrero de 2026.-El gobernador Joaqu\u00edn D\u00edaz Mena recibi\u00f3 en Palacio de Gobierno a las y los integrantes del Consejo Coordinador Empresarial de Yucat\u00e1n, a quienes<\/p>\n","protected":false},"author":1,"featured_media":138571,"comment_status":"open","ping_status":"open","sticky":false,"template":"","format":"standard","meta":{"jetpack_post_was_ever_published":false,"_jetpack_newsletter_access":"","_jetpack_dont_email_post_to_subs":false,"_jetpack_newsletter_tier_id":0,"_jetpack_memberships_contains_paywalled_content":false,"_jetpack_memberships_contains_paid_content":false,"footnotes":"","jetpack_publicize_message":"","jetpack_publicize_feature_enabled":true,"jetpack_social_post_already_shared":true,"jetpack_social_options":{"image_generator_settings":{"template":"highway","default_image_id":0,"font":"","enabled":false},"version":2}},"categories":[14],"tags":[],"class_list":["post-138570","post","type-post","status-publish","format-standard","has-post-thumbnail","hentry","category-merida"],"jetpack_publicize_connections":[],"jetpack_featured_media_url":"https:\/\/formalprision.com\/wp-content\/uploads\/2026\/02\/IMG-20260219-WA0071.jpg","jetpack_sharing_enabled":true,"jetpack_shortlink":"https:\/\/wp.me\/p6id8p-A30","_links":{"self":[{"href":"https:\/\/formalprision.com\/index.php?rest_route=\/wp\/v2\/posts\/138570","targetHints":{"allow":["GET"]}}],"collection":[{"href":"https:\/\/formalprision.com\/index.php?rest_route=\/wp\/v2\/posts"}],"about":[{"href":"https:\/\/formalprision.com\/index.php?rest_route=\/wp\/v2\/types\/post"}],"author":[{"embeddable":true,"href":"https:\/\/formalprision.com\/index.php?rest_route=\/wp\/v2\/users\/1"}],"replies":[{"embeddable":true,"href":"https:\/\/formalprision.com\/index.php?rest_route=%2Fwp%2Fv2%2Fcomments&post=138570"}],"version-history":[{"count":1,"href":"https:\/\/formalprision.com\/index.php?rest_route=\/wp\/v2\/posts\/138570\/revisions"}],"predecessor-version":[{"id":138572,"href":"https:\/\/formalprision.com\/index.php?rest_route=\/wp\/v2\/posts\/138570\/revisions\/138572"}],"wp:featuredmedia":[{"embeddable":true,"href":"https:\/\/formalprision.com\/index.php?rest_route=\/wp\/v2\/media\/138571"}],"wp:attachment":[{"href":"https:\/\/formalprision.com\/index.php?rest_route=%2Fwp%2Fv2%2Fmedia&parent=138570"}],"wp:term":[{"taxonomy":"category","embeddable":true,"href":"https:\/\/formalprision.com\/index.php?rest_route=%2Fwp%2Fv2%2Fcategories&post=138570"},{"taxonomy":"post_tag","embeddable":true,"href":"https:\/\/formalprision.com\/index.php?rest_route=%2Fwp%2Fv2%2Ftags&post=138570"}],"curies":[{"name":"wp","href":"https:\/\/api.w.org\/{rel}","templated":true}]}}