{"id":138573,"date":"2026-02-19T21:20:31","date_gmt":"2026-02-20T02:20:31","guid":{"rendered":"https:\/\/formalprision.com\/?p=138573"},"modified":"2026-02-20T15:32:11","modified_gmt":"2026-02-20T20:32:11","slug":"mexico-y-belice-fortalecen-cooperacion-en-temas-del-agua-y-prevencion-de-riesgos","status":"publish","type":"post","link":"https:\/\/formalprision.com\/?p=138573","title":{"rendered":"M\u00e9xico y Belice fortalecen cooperaci\u00f3n en temas del agua y prevenci\u00f3n de riesgos"},"content":{"rendered":"\n<p>La Comisi\u00f3n Nacional del Agua (Conagua) particip\u00f3 en la reuni\u00f3n binacional entre M\u00e9xico y Belice, encabezada por la Comisi\u00f3n Internacional de L\u00edmites y Aguas (CILA), en la que ambas naciones reafirmaron su compromiso de retomar y fortalecer las acciones de colaboraci\u00f3n en materia de agua, particularmente en el monitoreo de fen\u00f3menos hidrometeorol\u00f3gicos y definir informaci\u00f3n t\u00e9cnica actualizada que se pueda compartir.<\/p>\n\n\n\n<p>La reuni\u00f3n fue presidida por los comisionados de M\u00e9xico y Belice; y cont\u00f3 con la participaci\u00f3n de la Conagua y de la Embajada de M\u00e9xico en Belice, en representaci\u00f3n del Gobierno de M\u00e9xico, adem\u00e1s de autoridades del Gobierno de Belice, refrendando la voluntad de ambos pa\u00edses de atender de manera conjunta los temas transfronterizos en materia de agua.<\/p>\n\n\n\n<p>Durante el encuentro se enfatiz\u00f3 la necesidad de consolidar mecanismos de cooperaci\u00f3n para garantizar una gesti\u00f3n adecuada de las aguas en la cuenca transfronteriza, as\u00ed como prevenir y mitigar la contaminaci\u00f3n en beneficio de las comunidades asentadas a ambos lados de la frontera.<\/p>\n\n\n\n<p>En esta reuni\u00f3n, se discuti\u00f3 la necesidad de establecer un sistema de alertamiento para prevenir afectaciones por inundaciones, a fin de fortalecer la capacidad de respuesta ante eventos extremos y mejorar la toma de decisiones basada en datos confiables y oportunos.<\/p>\n\n\n\n<p>Entre los principales acuerdos destaca la iniciativa de conformar un grupo de trabajo t\u00e9cnico en el marco de la Comisi\u00f3n Binacional M\u00e9xico\u2013Belice; plante\u00e1ndose la participaci\u00f3n de la CILA-M\u00e9xico y la Conagua por parte de M\u00e9xico, as\u00ed como, la CILA-Belice, el Servicio Hidrol\u00f3gico Nacional y la Oficina Nacional para la Gesti\u00f3n de Emergencias de Belice.<\/p>\n\n\n\n<p>Durante la mesa de trabajo se subray\u00f3 que esta colaboraci\u00f3n se suma y reitera los compromisos del Gobierno de M\u00e9xico, bajo el liderazgo de la Presidenta Claudia Sheinbaum Pardo y el Acuerdo Nacional por el Derecho Humano al Agua, para enfrentar los retos de saneamiento fronterizo, en beneficio del medio ambiente y la salud de los habitantes de ambos pa\u00edses.<\/p>\n\n\n\n<p>Con estas acciones, el Gobierno de M\u00e9xico refrenda su labor de colaboraci\u00f3n, di\u00e1logo t\u00e9cnico y diplom\u00e1tico, fortaleciendo la cooperaci\u00f3n bilateral con nuestros hermanos belice\u00f1os.<\/p>\n","protected":false},"excerpt":{"rendered":"<p>La Comisi\u00f3n Nacional del Agua (Conagua) particip\u00f3 en la reuni\u00f3n binacional entre M\u00e9xico y Belice, encabezada por la Comisi\u00f3n Internacional de L\u00edmites y Aguas (CILA), en la que ambas naciones<\/p>\n","protected":false},"author":2,"featured_media":138575,"comment_status":"open","ping_status":"open","sticky":false,"template":"","format":"standard","meta":{"jetpack_post_was_ever_published":false,"_jetpack_newsletter_access":"","_jetpack_dont_email_post_to_subs":false,"_jetpack_newsletter_tier_id":0,"_jetpack_memberships_contains_paywalled_content":false,"_jetpack_memberships_contains_paid_content":false,"footnotes":"","jetpack_publicize_message":"","jetpack_publicize_feature_enabled":true,"jetpack_social_post_already_shared":true,"jetpack_social_options":{"image_generator_settings":{"template":"highway","default_image_id":0,"font":"","enabled":false},"version":2}},"categories":[14],"tags":[],"class_list":["post-138573","post","type-post","status-publish","format-standard","has-post-thumbnail","hentry","category-merida"],"jetpack_publicize_connections":[],"jetpack_featured_media_url":"https:\/\/formalprision.com\/wp-content\/uploads\/2026\/02\/WhatsApp-Image-2026-02-19-at-8.10.02-PM.jpeg","jetpack_sharing_enabled":true,"jetpack_shortlink":"https:\/\/wp.me\/p6id8p-A33","_links":{"self":[{"href":"https:\/\/formalprision.com\/index.php?rest_route=\/wp\/v2\/posts\/138573","targetHints":{"allow":["GET"]}}],"collection":[{"href":"https:\/\/formalprision.com\/index.php?rest_route=\/wp\/v2\/posts"}],"about":[{"href":"https:\/\/formalprision.com\/index.php?rest_route=\/wp\/v2\/types\/post"}],"author":[{"embeddable":true,"href":"https:\/\/formalprision.com\/index.php?rest_route=\/wp\/v2\/users\/2"}],"replies":[{"embeddable":true,"href":"https:\/\/formalprision.com\/index.php?rest_route=%2Fwp%2Fv2%2Fcomments&post=138573"}],"version-history":[{"count":1,"href":"https:\/\/formalprision.com\/index.php?rest_route=\/wp\/v2\/posts\/138573\/revisions"}],"predecessor-version":[{"id":138574,"href":"https:\/\/formalprision.com\/index.php?rest_route=\/wp\/v2\/posts\/138573\/revisions\/138574"}],"wp:featuredmedia":[{"embeddable":true,"href":"https:\/\/formalprision.com\/index.php?rest_route=\/wp\/v2\/media\/138575"}],"wp:attachment":[{"href":"https:\/\/formalprision.com\/index.php?rest_route=%2Fwp%2Fv2%2Fmedia&parent=138573"}],"wp:term":[{"taxonomy":"category","embeddable":true,"href":"https:\/\/formalprision.com\/index.php?rest_route=%2Fwp%2Fv2%2Fcategories&post=138573"},{"taxonomy":"post_tag","embeddable":true,"href":"https:\/\/formalprision.com\/index.php?rest_route=%2Fwp%2Fv2%2Ftags&post=138573"}],"curies":[{"name":"wp","href":"https:\/\/api.w.org\/{rel}","templated":true}]}}