{"id":138599,"date":"2026-02-21T08:03:16","date_gmt":"2026-02-21T13:03:16","guid":{"rendered":"https:\/\/formalprision.com\/?p=138599"},"modified":"2026-02-22T09:18:08","modified_gmt":"2026-02-22T14:18:08","slug":"supervisan-fase-final-de-ampliacion-del-puerto-de-altura","status":"publish","type":"post","link":"https:\/\/formalprision.com\/?p=138599","title":{"rendered":"Supervisan fase final de ampliaci\u00f3n del Puerto de Altura"},"content":{"rendered":"\n<p>Progreso, Yucat\u00e1n, a 20 de febrero de 2026-El gobernador Joaqu\u00edn D\u00edaz Mena inform\u00f3 que el dragado de la primera etapa de ampliaci\u00f3n y modernizaci\u00f3n del Puerto de Altura de Progreso alcanza ya 90% de avance, consolidando el cumplimiento de metas y situando a esta obra estrat\u00e9gica en una fase decisiva para fortalecer la infraestructura portuaria de Yucat\u00e1n.<br>&nbsp;<br>A bordo del buque de dragado Fernando de Magallanes, una de las embarcaciones m\u00e1s modernas y potentes en operaci\u00f3n a nivel internacional, el mandatario supervis\u00f3 las labores de trituraci\u00f3n y extracci\u00f3n de material p\u00e9treo, a fin de verificar el progreso f\u00edsico, t\u00e9cnico y operativo del proyecto.<br>&nbsp;<br>A la fecha, se han retirado un mill\u00f3n 363 mil 393 metros c\u00fabicos de piedra, volumen que da cuenta del ritmo sostenido y la capacidad t\u00e9cnica con la que se ejecuta esta intervenci\u00f3n prioritaria para el desarrollo econ\u00f3mico de la entidad.<br>&nbsp;<br>En este contexto, se explic\u00f3 que se prev\u00e9 que las labores de dragado de esta primera fase del proyecto culminen en un mes y se record\u00f3 que la etapa inicial corresponde a una inversi\u00f3n estatal de mil 630 millones de pesos para la ampliaci\u00f3n del canal de navegaci\u00f3n, el cual pasar\u00e1 de una profundidad de -11.75 a -13.30 metros, de un ancho de 150 a 180 metros y de una longitud de 7.4 a 8.1 kil\u00f3metros.<br>&nbsp;<br>Al respecto, D\u00edaz Mena record\u00f3 que la ampliaci\u00f3n y modernizaci\u00f3n del Puerto de Altura de Progreso es una obra estrat\u00e9gica del Gobierno del Renacimiento Maya, ya que contribuir\u00e1 a la competitividad de Yucat\u00e1n, ampliando su capacidad para recibir buques y cruceros m\u00e1s grandes, con miras al desarrollo que est\u00e1 viviendo la entidad.<br>&nbsp;<\/p>\n","protected":false},"excerpt":{"rendered":"<p>Progreso, Yucat\u00e1n, a 20 de febrero de 2026-El gobernador Joaqu\u00edn D\u00edaz Mena inform\u00f3 que el dragado de la primera etapa de ampliaci\u00f3n y modernizaci\u00f3n del Puerto de Altura de Progreso<\/p>\n","protected":false},"author":1,"featured_media":138600,"comment_status":"open","ping_status":"open","sticky":false,"template":"","format":"standard","meta":{"jetpack_post_was_ever_published":false,"_jetpack_newsletter_access":"","_jetpack_dont_email_post_to_subs":false,"_jetpack_newsletter_tier_id":0,"_jetpack_memberships_contains_paywalled_content":false,"_jetpack_memberships_contains_paid_content":false,"footnotes":"","jetpack_publicize_message":"","jetpack_publicize_feature_enabled":true,"jetpack_social_post_already_shared":true,"jetpack_social_options":{"image_generator_settings":{"template":"highway","default_image_id":0,"font":"","enabled":false},"version":2}},"categories":[54],"tags":[],"class_list":["post-138599","post","type-post","status-publish","format-standard","has-post-thumbnail","hentry","category-yucatan"],"jetpack_publicize_connections":[],"jetpack_featured_media_url":"https:\/\/formalprision.com\/wp-content\/uploads\/2026\/02\/IMG-20260220-WA0110.jpg","jetpack_sharing_enabled":true,"jetpack_shortlink":"https:\/\/wp.me\/p6id8p-A3t","_links":{"self":[{"href":"https:\/\/formalprision.com\/index.php?rest_route=\/wp\/v2\/posts\/138599","targetHints":{"allow":["GET"]}}],"collection":[{"href":"https:\/\/formalprision.com\/index.php?rest_route=\/wp\/v2\/posts"}],"about":[{"href":"https:\/\/formalprision.com\/index.php?rest_route=\/wp\/v2\/types\/post"}],"author":[{"embeddable":true,"href":"https:\/\/formalprision.com\/index.php?rest_route=\/wp\/v2\/users\/1"}],"replies":[{"embeddable":true,"href":"https:\/\/formalprision.com\/index.php?rest_route=%2Fwp%2Fv2%2Fcomments&post=138599"}],"version-history":[{"count":1,"href":"https:\/\/formalprision.com\/index.php?rest_route=\/wp\/v2\/posts\/138599\/revisions"}],"predecessor-version":[{"id":138601,"href":"https:\/\/formalprision.com\/index.php?rest_route=\/wp\/v2\/posts\/138599\/revisions\/138601"}],"wp:featuredmedia":[{"embeddable":true,"href":"https:\/\/formalprision.com\/index.php?rest_route=\/wp\/v2\/media\/138600"}],"wp:attachment":[{"href":"https:\/\/formalprision.com\/index.php?rest_route=%2Fwp%2Fv2%2Fmedia&parent=138599"}],"wp:term":[{"taxonomy":"category","embeddable":true,"href":"https:\/\/formalprision.com\/index.php?rest_route=%2Fwp%2Fv2%2Fcategories&post=138599"},{"taxonomy":"post_tag","embeddable":true,"href":"https:\/\/formalprision.com\/index.php?rest_route=%2Fwp%2Fv2%2Ftags&post=138599"}],"curies":[{"name":"wp","href":"https:\/\/api.w.org\/{rel}","templated":true}]}}