{"id":138803,"date":"2026-03-03T07:45:37","date_gmt":"2026-03-03T12:45:37","guid":{"rendered":"https:\/\/formalprision.com\/?p=138803"},"modified":"2026-03-04T05:15:28","modified_gmt":"2026-03-04T10:15:28","slug":"ataud-dorado-musica-regional-y-mucha-seguridad-en-la-despedida-de-el-mencho-en-guadalajara","status":"publish","type":"post","link":"https:\/\/formalprision.com\/?p=138803","title":{"rendered":"Ata\u00fad dorado, m\u00fasica regional y mucha seguridad, en la despedida de \u201cEl Mencho\u201d en Guadalajara"},"content":{"rendered":"\n<p>GUADALAJARA, Jalisco.- En un ata\u00fad dorado, con m\u00fasica regional mexicana y bajo un enorme despliegue militar y policial, Nemesio Oseguera Cervantes, alias \u2018El Mencho\u2019, l\u00edder del Cartel Jalisco Nueva Generaci\u00f3n (CJNG), fue enterrado ayer lunes en un cementerio en el municipio de Zapopan, cerca de Guadalajara.<\/p>\n\n\n\n<p>Al mediod\u00eda del lunes, la carroza f\u00fanebre lleg\u00f3 al Recinto de La Paz, un cementerio al poniente de la ciudad y a unos 23 kil\u00f3metros de donde ocurri\u00f3 el velorio, que estuvo resguardado por cuerpos de seguridad de federales, estatales y municipales.<\/p>\n\n\n\n<p>El cuerpo fue trasladado en un ata\u00fad de color oro y fue recibido con una banda de m\u00fasica regional que comenz\u00f3 a interpretar canciones como \u201cEl muchacho alegre\u201d, para luego ingresar a la capilla del lugar.<\/p>\n\n\n\n<p>La carroza estuvo precedida de tres gr\u00faas que transportaron las decenas de arreglos florales que llegaron durante el funeral y que no pudieron entrar al cementerio por los lugares habituales debido a su tama\u00f1o.<\/p>\n\n\n\n<p>Desde el pasado s\u00e1bado, cuando familiares reclamaron el cuerpo en la Fiscal\u00eda General de la Rep\u00fablica, en Ciudad de M\u00e9xico, un amplio dispositivo de seguridad fue desplegado en el \u00c1rea Metropolitana de Guadalajara por el Ej\u00e9rcito Mexicano, la Guardia Nacional y la polic\u00eda estatal.<\/p>\n\n\n\n<p>El cuerpo del capo m\u00e1s buscado en M\u00e9xico y Estados Unidos lleg\u00f3 a la funeraria el domingo por la noche, fuertemente escoltado por camionetas civiles y militares, encargadas de vigilar la carroza.<\/p>\n\n\n\n<p>Desde ese momento llegaron decenas de arreglos florales con rosas blancas, entre los que destac\u00f3 uno cuya cinta dejaba ver las siglas \u201cCJNG\u201d, as\u00ed como otro con rosas rojas en forma de gallo, en alusi\u00f3n a que el presunto era conocido como \u201cEl se\u00f1or de los gallos\u201d. La mayor\u00eda de los arreglos llegaron sin cintas que identificaran al remitente.<\/p>\n\n\n\n<p>La entrada y salida de personas alrededor de la funeraria era controlada por militares; incluso estaba en el lugar un veh\u00edculo militar, que permaneci\u00f3 ah\u00ed hasta el traslado al cementerio.<\/p>\n\n\n\n<p>Debido a que ninguna autoridad federal, estatal o municipal ha confirmado la presencia de los restos del capo, la movilizaci\u00f3n de elementos militares ha causado tensi\u00f3n y temor entre la poblaci\u00f3n de Guadalajara, capital de Jalisco y que ser\u00e1 una de las tres ciudades mexicanas sedes del Mundial de F\u00fatbol que se celebrar\u00e1 en apenas 100 d\u00edas.<\/p>\n","protected":false},"excerpt":{"rendered":"<p>GUADALAJARA, Jalisco.- En un ata\u00fad dorado, con m\u00fasica regional mexicana y bajo un enorme despliegue militar y policial, Nemesio Oseguera Cervantes, alias \u2018El Mencho\u2019, l\u00edder del Cartel Jalisco Nueva Generaci\u00f3n<\/p>\n","protected":false},"author":2,"featured_media":138805,"comment_status":"open","ping_status":"open","sticky":false,"template":"","format":"standard","meta":{"jetpack_post_was_ever_published":false,"_jetpack_newsletter_access":"","_jetpack_dont_email_post_to_subs":false,"_jetpack_newsletter_tier_id":0,"_jetpack_memberships_contains_paywalled_content":false,"_jetpack_memberships_contains_paid_content":false,"footnotes":"","jetpack_publicize_message":"","jetpack_publicize_feature_enabled":true,"jetpack_social_post_already_shared":true,"jetpack_social_options":{"image_generator_settings":{"template":"highway","default_image_id":0,"font":"","enabled":false},"version":2}},"categories":[23,21,47],"tags":[],"class_list":["post-138803","post","type-post","status-publish","format-standard","has-post-thumbnail","hentry","category-del-mundo","category-nacionales","category-narcos"],"jetpack_publicize_connections":[],"jetpack_featured_media_url":"https:\/\/formalprision.com\/wp-content\/uploads\/2026\/03\/dorado.jpg","jetpack_sharing_enabled":true,"jetpack_shortlink":"https:\/\/wp.me\/p6id8p-A6L","_links":{"self":[{"href":"https:\/\/formalprision.com\/index.php?rest_route=\/wp\/v2\/posts\/138803","targetHints":{"allow":["GET"]}}],"collection":[{"href":"https:\/\/formalprision.com\/index.php?rest_route=\/wp\/v2\/posts"}],"about":[{"href":"https:\/\/formalprision.com\/index.php?rest_route=\/wp\/v2\/types\/post"}],"author":[{"embeddable":true,"href":"https:\/\/formalprision.com\/index.php?rest_route=\/wp\/v2\/users\/2"}],"replies":[{"embeddable":true,"href":"https:\/\/formalprision.com\/index.php?rest_route=%2Fwp%2Fv2%2Fcomments&post=138803"}],"version-history":[{"count":2,"href":"https:\/\/formalprision.com\/index.php?rest_route=\/wp\/v2\/posts\/138803\/revisions"}],"predecessor-version":[{"id":138806,"href":"https:\/\/formalprision.com\/index.php?rest_route=\/wp\/v2\/posts\/138803\/revisions\/138806"}],"wp:featuredmedia":[{"embeddable":true,"href":"https:\/\/formalprision.com\/index.php?rest_route=\/wp\/v2\/media\/138805"}],"wp:attachment":[{"href":"https:\/\/formalprision.com\/index.php?rest_route=%2Fwp%2Fv2%2Fmedia&parent=138803"}],"wp:term":[{"taxonomy":"category","embeddable":true,"href":"https:\/\/formalprision.com\/index.php?rest_route=%2Fwp%2Fv2%2Fcategories&post=138803"},{"taxonomy":"post_tag","embeddable":true,"href":"https:\/\/formalprision.com\/index.php?rest_route=%2Fwp%2Fv2%2Ftags&post=138803"}],"curies":[{"name":"wp","href":"https:\/\/api.w.org\/{rel}","templated":true}]}}