{"id":138811,"date":"2026-03-03T15:44:25","date_gmt":"2026-03-03T20:44:25","guid":{"rendered":"https:\/\/formalprision.com\/?p=138811"},"modified":"2026-03-04T05:14:49","modified_gmt":"2026-03-04T10:14:49","slug":"mas-capacitacion-y-toda-la-confianza-para-los-emprendedores-meridanos-cecilia-patron","status":"publish","type":"post","link":"https:\/\/formalprision.com\/?p=138811","title":{"rendered":"M\u00e1s capacitaci\u00f3n y toda la confianza para los emprendedores meridanos: Cecilia Patr\u00f3n"},"content":{"rendered":"\n<p>M\u00c9RIDA, Yucat\u00e1n.- Brindar capacitaci\u00f3n y confianza a los nuevos emprendedores incrementa las oportunidades de una mejor calidad de vida para las familias meridanas, afirm\u00f3 la presidenta municipal Cecilia Patr\u00f3n Laviada ante los m\u00e1s de 140 integrantes de la nueva generaci\u00f3n del programa Emprendo Contigo del Ayuntamiento de M\u00e9rida.<\/p>\n\n\n\n<p>\u201cCelebro que en esta generaci\u00f3n sean 100 mujeres decididas, quienes hoy dan un paso hacia adelante sabiendo que cuentan con un Ayuntamiento con una mirada distinta, que est\u00e1 listo para apoyarlas\u201d, indic\u00f3 la alcaldesa.<\/p>\n\n\n\n<p>As\u00ed se reafirma la visi\u00f3n de una administraci\u00f3n en la que 8 de cada 10 apoyos o programas son para mujeres, pues son base fundamental de la comunidad, fortalecen no solo el hogar, sino la estructura comunitaria de la capital yucateca.<\/p>\n\n\n\n<p>Los m\u00e1s de 140 proyectos participantes fueron seleccionados de entre 400 iniciativas inscritas, reflejando el inter\u00e9s de los meridanos de participar, ser parte de este proyecto y de continuar con su profesionalizaci\u00f3n para lograr sus proyectos de negocios.<\/p>\n\n\n\n<p>\u201cEs as\u00ed como se logran las verdaderas ciudades fuertes, generosas, felices, con trabajo en equipo, pero tambi\u00e9n creyendo en nuestros sue\u00f1os. As\u00ed que les invito a que a trav\u00e9s de su emprendimiento hagan sus sue\u00f1os realidad\u201d, a\u00f1adi\u00f3.<\/p>\n\n\n\n<p>Agradeci\u00f3 el trabajo del equipo de la Direcci\u00f3n de Prosperidad y Bienestar Econ\u00f3mico, as\u00ed como la colaboraci\u00f3n de la sociedad civil organizada e iniciativa privada apoyando estos proyectos, lo que les da m\u00e1s oportunidad de crecimiento.<\/p>\n\n\n\n<p>Por \u00faltimo, comparti\u00f3 que desde el Ayuntamiento contin\u00faa construyendo una mejor M\u00e9rida, donde todos los d\u00edas se trabaja por impulsar sue\u00f1os y una mayor prosperidad compartida.<\/p>\n\n\n\n<p>Por su parte Mauricio D\u00edaz Montalvo, director de Prosperidad y Bienestar Econ\u00f3mico, dio la bienvenida a los participantes y destac\u00f3 dos proyectos que impulsan personas con discapacidad.<\/p>\n\n\n\n<p>El proceso de selecci\u00f3n se llev\u00f3 a cabo mediante dos filtros rigurosos, verificando el cumplimiento de los requisitos establecidos en la convocatoria, y una valoraci\u00f3n t\u00e9cnica por parte de un comit\u00e9, conformado por empresarios representantes de c\u00e1maras, integrantes de colegios profesionales y aliados estrat\u00e9gicos del Centro Municipal de Emprendedores.<\/p>\n\n\n\n<p>El Programa Emprendo Contigo fomenta y fortalece el emprendedurismo de la ciudad de M\u00e9rida y sus comisar\u00edas, tiene una duraci\u00f3n de 10 meses con acompa\u00f1amiento de mentores especializados, con capacitaci\u00f3n y seguimiento.<\/p>\n\n\n\n<p>Adem\u00e1s, incluye exposiciones, convenciones, bazares y eventos de networking para vincularse con posibles clientes o proveedores, pl\u00e1ticas con empresarios de alto nivel en la ciudad, y acceso para el uso de instalaciones Centro Municipal de Emprendedores garantizado durante todo el a\u00f1o.<\/p>\n\n\n\n<p>Los emprendimientos abarcan las \u00e1reas de Dise\u00f1o textil y moda, Ecolog\u00eda, Hogar y decoraci\u00f3n, Salud y belleza, Alimentos y bebidas y de Servicios.<\/p>\n\n\n\n<p>Estuvieron presentes Marian Alpiza Rodr\u00edguez, CEO de Helados Colon; Julio Quezada, en representaci\u00f3n del Colegio de Contadores; Victor Abraham Chapur, del Consejo Directivo de la Coparmex M\u00e9rida; Jorge Moreno, en representaci\u00f3n del CANAIVE; Fernando Torres Parraud, de la Asociaci\u00f3n Nacional de Importadores y Exportadores delegaci\u00f3n Yucat\u00e1n, la diputada local Itzel Falla Uribe y la regidora Karla Boehm Calero.<\/p>\n","protected":false},"excerpt":{"rendered":"<p>M\u00c9RIDA, Yucat\u00e1n.- Brindar capacitaci\u00f3n y confianza a los nuevos emprendedores incrementa las oportunidades de una mejor calidad de vida para las familias meridanas, afirm\u00f3 la presidenta municipal Cecilia Patr\u00f3n Laviada<\/p>\n","protected":false},"author":2,"featured_media":138813,"comment_status":"open","ping_status":"open","sticky":false,"template":"","format":"standard","meta":{"jetpack_post_was_ever_published":false,"_jetpack_newsletter_access":"","_jetpack_dont_email_post_to_subs":false,"_jetpack_newsletter_tier_id":0,"_jetpack_memberships_contains_paywalled_content":false,"_jetpack_memberships_contains_paid_content":false,"footnotes":"","jetpack_publicize_message":"","jetpack_publicize_feature_enabled":true,"jetpack_social_post_already_shared":true,"jetpack_social_options":{"image_generator_settings":{"template":"highway","default_image_id":0,"font":"","enabled":false},"version":2}},"categories":[14],"tags":[],"class_list":["post-138811","post","type-post","status-publish","format-standard","has-post-thumbnail","hentry","category-merida"],"jetpack_publicize_connections":[],"jetpack_featured_media_url":"https:\/\/formalprision.com\/wp-content\/uploads\/2026\/03\/WhatsApp-Image-2026-03-03-at-1.48.51-PM.jpeg","jetpack_sharing_enabled":true,"jetpack_shortlink":"https:\/\/wp.me\/p6id8p-A6T","_links":{"self":[{"href":"https:\/\/formalprision.com\/index.php?rest_route=\/wp\/v2\/posts\/138811","targetHints":{"allow":["GET"]}}],"collection":[{"href":"https:\/\/formalprision.com\/index.php?rest_route=\/wp\/v2\/posts"}],"about":[{"href":"https:\/\/formalprision.com\/index.php?rest_route=\/wp\/v2\/types\/post"}],"author":[{"embeddable":true,"href":"https:\/\/formalprision.com\/index.php?rest_route=\/wp\/v2\/users\/2"}],"replies":[{"embeddable":true,"href":"https:\/\/formalprision.com\/index.php?rest_route=%2Fwp%2Fv2%2Fcomments&post=138811"}],"version-history":[{"count":1,"href":"https:\/\/formalprision.com\/index.php?rest_route=\/wp\/v2\/posts\/138811\/revisions"}],"predecessor-version":[{"id":138812,"href":"https:\/\/formalprision.com\/index.php?rest_route=\/wp\/v2\/posts\/138811\/revisions\/138812"}],"wp:featuredmedia":[{"embeddable":true,"href":"https:\/\/formalprision.com\/index.php?rest_route=\/wp\/v2\/media\/138813"}],"wp:attachment":[{"href":"https:\/\/formalprision.com\/index.php?rest_route=%2Fwp%2Fv2%2Fmedia&parent=138811"}],"wp:term":[{"taxonomy":"category","embeddable":true,"href":"https:\/\/formalprision.com\/index.php?rest_route=%2Fwp%2Fv2%2Fcategories&post=138811"},{"taxonomy":"post_tag","embeddable":true,"href":"https:\/\/formalprision.com\/index.php?rest_route=%2Fwp%2Fv2%2Ftags&post=138811"}],"curies":[{"name":"wp","href":"https:\/\/api.w.org\/{rel}","templated":true}]}}