{"id":138814,"date":"2026-03-03T16:09:58","date_gmt":"2026-03-03T21:09:58","guid":{"rendered":"https:\/\/formalprision.com\/?p=138814"},"modified":"2026-03-04T05:14:30","modified_gmt":"2026-03-04T10:14:30","slug":"ayuntamiento-de-merida-respalda-la-profesionalizacion-del-sector-turistico","status":"publish","type":"post","link":"https:\/\/formalprision.com\/?p=138814","title":{"rendered":"Ayuntamiento de M\u00e9rida respalda la profesionalizaci\u00f3n del sector tur\u00edstico"},"content":{"rendered":"\n<p>M\u00c9RIDA, Yucat\u00e1n.- Por segundo a\u00f1o consecutivo M\u00e9rida ser\u00e1 sede del Summit Mexicano de la Hospitalidad, un espacio para quienes desean crecer de manera profesional, inspirarse con las voces l\u00edderes del sector y construir el futuro de la hospitalidad desde una visi\u00f3n consciente, innovadora y humana.<\/p>\n\n\n\n<p>El Ayuntamiento de M\u00e9rida, que encabeza la presidenta municipal Cecilia Patr\u00f3n Laviada, respalda esta iniciativa pues reconoce la importancia del turismo en la econom\u00eda y la construcci\u00f3n de justicia social para las y los meridanos.<\/p>\n\n\n\n<p>Armando Casares Espinosa, titular de la Unidad de Turismo del Ayuntamiento de M\u00e9rida, inform\u00f3 que este evento se realizar\u00e1 el 27 y 28 de mayo, tras una reuni\u00f3n de trabajo entre representantes del sector empresarial tur\u00edstico de la ciudad, y Rocco Bova, fundador y organizador del Summit Mexicano de la Hospitalidad.<\/p>\n\n\n\n<p>Durante el encuentro destacaron la importancia de que asociaciones, empresarios y l\u00edderes del sector se sumen activamente a estas iniciativas, dise\u00f1adas para fortalecer la profesionalizaci\u00f3n, elevar la competitividad y generar nuevas oportunidades de crecimiento para la industria tur\u00edstica en M\u00e9rida y Yucat\u00e1n.<\/p>\n\n\n\n<p>Casares Espinosa indic\u00f3 que el Summit Mexicano de la Hospitalidad busca generar procesos formativos de alto nivel, enfocados en liderazgo, servicio y excelencia operativa.<\/p>\n\n\n\n<p>Tambi\u00e9n explic\u00f3 el esquema de colaboraci\u00f3n mediante el cual se podr\u00e1n otorgar precios especiales y beneficios preferenciales a asociaciones, facilitando as\u00ed su integraci\u00f3n y participaci\u00f3n en ambos proyectos.<\/p>\n\n\n\n<p>Participaron al igual representantes de organismos clave del sector tur\u00edstico local: Jordy Rafael Abraham Mart\u00ednez, integrante del Consejo Empresarial Tur\u00edstico de M\u00e9rida (CETUR); Juan Jos\u00e9 Mart\u00edn Pacheco, presidente de la Asociaci\u00f3n Mexicana de Hoteles en Yucat\u00e1n (AMHY) y representantes del sector de banquetes.<\/p>\n\n\n\n<p>Con ello se reafirma las acciones emprendidas desde el Ayuntamiento de M\u00e9rida para articular esfuerzos entre asociaciones, empresarios y l\u00edderes del sector e impulsar una industria m\u00e1s profesional, colaborativa y preparada para los retos del turismo actual, que d\u00e9 dinamismo a la econom\u00eda local para las familias meridanas.<\/p>\n","protected":false},"excerpt":{"rendered":"<p>M\u00c9RIDA, Yucat\u00e1n.- Por segundo a\u00f1o consecutivo M\u00e9rida ser\u00e1 sede del Summit Mexicano de la Hospitalidad, un espacio para quienes desean crecer de manera profesional, inspirarse con las voces l\u00edderes del<\/p>\n","protected":false},"author":2,"featured_media":138817,"comment_status":"open","ping_status":"open","sticky":false,"template":"","format":"standard","meta":{"jetpack_post_was_ever_published":false,"_jetpack_newsletter_access":"","_jetpack_dont_email_post_to_subs":false,"_jetpack_newsletter_tier_id":0,"_jetpack_memberships_contains_paywalled_content":false,"_jetpack_memberships_contains_paid_content":false,"footnotes":"","jetpack_publicize_message":"","jetpack_publicize_feature_enabled":true,"jetpack_social_post_already_shared":true,"jetpack_social_options":{"image_generator_settings":{"template":"highway","default_image_id":0,"font":"","enabled":false},"version":2}},"categories":[54],"tags":[],"class_list":["post-138814","post","type-post","status-publish","format-standard","has-post-thumbnail","hentry","category-yucatan"],"jetpack_publicize_connections":[],"jetpack_featured_media_url":"https:\/\/formalprision.com\/wp-content\/uploads\/2026\/03\/WhatsApp-Image-2026-03-03-at-2.23.16-PM.jpeg","jetpack_sharing_enabled":true,"jetpack_shortlink":"https:\/\/wp.me\/p6id8p-A6W","_links":{"self":[{"href":"https:\/\/formalprision.com\/index.php?rest_route=\/wp\/v2\/posts\/138814","targetHints":{"allow":["GET"]}}],"collection":[{"href":"https:\/\/formalprision.com\/index.php?rest_route=\/wp\/v2\/posts"}],"about":[{"href":"https:\/\/formalprision.com\/index.php?rest_route=\/wp\/v2\/types\/post"}],"author":[{"embeddable":true,"href":"https:\/\/formalprision.com\/index.php?rest_route=\/wp\/v2\/users\/2"}],"replies":[{"embeddable":true,"href":"https:\/\/formalprision.com\/index.php?rest_route=%2Fwp%2Fv2%2Fcomments&post=138814"}],"version-history":[{"count":1,"href":"https:\/\/formalprision.com\/index.php?rest_route=\/wp\/v2\/posts\/138814\/revisions"}],"predecessor-version":[{"id":138815,"href":"https:\/\/formalprision.com\/index.php?rest_route=\/wp\/v2\/posts\/138814\/revisions\/138815"}],"wp:featuredmedia":[{"embeddable":true,"href":"https:\/\/formalprision.com\/index.php?rest_route=\/wp\/v2\/media\/138817"}],"wp:attachment":[{"href":"https:\/\/formalprision.com\/index.php?rest_route=%2Fwp%2Fv2%2Fmedia&parent=138814"}],"wp:term":[{"taxonomy":"category","embeddable":true,"href":"https:\/\/formalprision.com\/index.php?rest_route=%2Fwp%2Fv2%2Fcategories&post=138814"},{"taxonomy":"post_tag","embeddable":true,"href":"https:\/\/formalprision.com\/index.php?rest_route=%2Fwp%2Fv2%2Ftags&post=138814"}],"curies":[{"name":"wp","href":"https:\/\/api.w.org\/{rel}","templated":true}]}}