{"id":138818,"date":"2026-03-03T20:46:00","date_gmt":"2026-03-04T01:46:00","guid":{"rendered":"https:\/\/formalprision.com\/?p=138818"},"modified":"2026-03-04T05:14:12","modified_gmt":"2026-03-04T10:14:12","slug":"la-conagua-se-suma-al-operativo-contra-incendios-en-yucatan","status":"publish","type":"post","link":"https:\/\/formalprision.com\/?p=138818","title":{"rendered":"La Conagua se suma al operativo contra incendios en Yucat\u00e1n"},"content":{"rendered":"\n<p>La Comisi\u00f3n Nacional del Agua (Conagua) informa que se encuentra preparada para participar de manera activa y estrat\u00e9gica en el Grupo T\u00e9cnico Operativo (GTO) del Programa de Prevenci\u00f3n y Combate de Incendios Agr\u00edcolas y Forestales en el estado de Yucat\u00e1n, fortaleciendo su papel en la gesti\u00f3n integral del recurso h\u00eddrico y la protecci\u00f3n de la infraestructura hidr\u00e1ulica ante riesgos asociados a la temporada de quemas.<\/p>\n\n\n\n<p>Como parte de sus atribuciones, la Conagua contribuir\u00e1 mediante el monitoreo permanente de las condiciones hidrometeorol\u00f3gicas, el an\u00e1lisis de sequ\u00edas, temperaturas y vientos, as\u00ed como la emisi\u00f3n oportuna de informaci\u00f3n t\u00e9cnica que permita anticipar escenarios de riesgo y apoyar la toma de decisiones preventivas.<\/p>\n\n\n\n<p>Asimismo, coadyuvar\u00e1 en la protecci\u00f3n de cuerpos de agua, zonas federales y ecosistemas estrat\u00e9gicos que pudieran verse afectados por incendios agr\u00edcolas y forestales.<\/p>\n\n\n\n<p>Se inform\u00f3 que la temporada 2026 se desarrollar\u00e1 del 1 de marzo al 31 de mayo, bajo un calendario organizado por zonas y con medidas preventivas estrictas. En este contexto, Conagua reforzar\u00e1 la supervisi\u00f3n de infraestructura hidr\u00e1ulica y la coordinaci\u00f3n con autoridades ambientales y de protecci\u00f3n civil para mitigar impactos comunidades.<\/p>\n\n\n\n<p>Las autoridades detallaron que el estado ser\u00e1 dividido en cuatro zonas con fechas espec\u00edficas para quemas autorizadas, reiterando el exhorto a productores agr\u00edcolas y ganaderos a respetar los periodos establecidos y aplicar medidas de control.<\/p>\n\n\n\n<p>Durante el encuentro, se enfatiz\u00f3 que la prevenci\u00f3n, el uso responsable del fuego y la participaci\u00f3n comunitaria ser\u00e1n fundamentales para proteger el patrimonio natural y la seguridad de la poblaci\u00f3n, acciones en las que Conagua refrenda su compromiso institucional.<\/p>\n\n\n\n<p>En su calidad de presidente del Comit\u00e9, el gobernador del estado, Joaqu\u00edn D\u00edaz Mena, destac\u00f3 que los resultados obtenidos en 2025 reflejan la importancia del trabajo coordinado entre instancias estatales, federales y municipales, subrayando que la colaboraci\u00f3n t\u00e9cnica ha sido clave para reducir riesgos y fortalecer la capacidad de respuesta.<\/p>\n\n\n\n<p>En este contexto, y como lo ha indicado la Presidenta de M\u00e9xico, Claudia Sheinbaum Pardo, el trabajo conjunto rinde resultados cuando existe coordinaci\u00f3n efectiva entre los distintos \u00f3rdenes de gobierno, visi\u00f3n preventiva y compromiso institucional para proteger a la poblaci\u00f3n y al medio ambiente.<\/p>\n","protected":false},"excerpt":{"rendered":"<p>La Comisi\u00f3n Nacional del Agua (Conagua) informa que se encuentra preparada para participar de manera activa y estrat\u00e9gica en el Grupo T\u00e9cnico Operativo (GTO) del Programa de Prevenci\u00f3n y Combate<\/p>\n","protected":false},"author":2,"featured_media":138820,"comment_status":"open","ping_status":"open","sticky":false,"template":"","format":"standard","meta":{"jetpack_post_was_ever_published":false,"_jetpack_newsletter_access":"","_jetpack_dont_email_post_to_subs":false,"_jetpack_newsletter_tier_id":0,"_jetpack_memberships_contains_paywalled_content":false,"_jetpack_memberships_contains_paid_content":false,"footnotes":"","jetpack_publicize_message":"","jetpack_publicize_feature_enabled":true,"jetpack_social_post_already_shared":true,"jetpack_social_options":{"image_generator_settings":{"template":"highway","default_image_id":0,"font":"","enabled":false},"version":2}},"categories":[54],"tags":[],"class_list":["post-138818","post","type-post","status-publish","format-standard","has-post-thumbnail","hentry","category-yucatan"],"jetpack_publicize_connections":[],"jetpack_featured_media_url":"https:\/\/formalprision.com\/wp-content\/uploads\/2026\/03\/WhatsApp-Image-2026-03-03-at-7.33.53-PM.jpeg","jetpack_sharing_enabled":true,"jetpack_shortlink":"https:\/\/wp.me\/p6id8p-A70","_links":{"self":[{"href":"https:\/\/formalprision.com\/index.php?rest_route=\/wp\/v2\/posts\/138818","targetHints":{"allow":["GET"]}}],"collection":[{"href":"https:\/\/formalprision.com\/index.php?rest_route=\/wp\/v2\/posts"}],"about":[{"href":"https:\/\/formalprision.com\/index.php?rest_route=\/wp\/v2\/types\/post"}],"author":[{"embeddable":true,"href":"https:\/\/formalprision.com\/index.php?rest_route=\/wp\/v2\/users\/2"}],"replies":[{"embeddable":true,"href":"https:\/\/formalprision.com\/index.php?rest_route=%2Fwp%2Fv2%2Fcomments&post=138818"}],"version-history":[{"count":1,"href":"https:\/\/formalprision.com\/index.php?rest_route=\/wp\/v2\/posts\/138818\/revisions"}],"predecessor-version":[{"id":138819,"href":"https:\/\/formalprision.com\/index.php?rest_route=\/wp\/v2\/posts\/138818\/revisions\/138819"}],"wp:featuredmedia":[{"embeddable":true,"href":"https:\/\/formalprision.com\/index.php?rest_route=\/wp\/v2\/media\/138820"}],"wp:attachment":[{"href":"https:\/\/formalprision.com\/index.php?rest_route=%2Fwp%2Fv2%2Fmedia&parent=138818"}],"wp:term":[{"taxonomy":"category","embeddable":true,"href":"https:\/\/formalprision.com\/index.php?rest_route=%2Fwp%2Fv2%2Fcategories&post=138818"},{"taxonomy":"post_tag","embeddable":true,"href":"https:\/\/formalprision.com\/index.php?rest_route=%2Fwp%2Fv2%2Ftags&post=138818"}],"curies":[{"name":"wp","href":"https:\/\/api.w.org\/{rel}","templated":true}]}}