{"id":138827,"date":"2026-03-04T05:05:01","date_gmt":"2026-03-04T10:05:01","guid":{"rendered":"https:\/\/formalprision.com\/?p=138827"},"modified":"2026-03-04T05:21:00","modified_gmt":"2026-03-04T10:21:00","slug":"inversionistas-apuestan-por-yucatan-ante-condiciones-de-paz-y-certeza-juridica","status":"publish","type":"post","link":"https:\/\/formalprision.com\/?p=138827","title":{"rendered":"Inversionistas apuestan por Yucat\u00e1n ante condiciones de paz y certeza jur\u00eddica"},"content":{"rendered":"\n<p>M\u00e9rida, Yucat\u00e1n, a 3 de marzo de 2026<br>El gobernador Joaqu\u00edn D\u00edaz Mena inaugur\u00f3 el Complejo Diamante de Midstorage y anunci\u00f3 una cartera de inversi\u00f3n privada por 1,190 millones de pesos para 2025-2029, que fortalece a Yucat\u00e1n como centro log\u00edstico del sureste.<br>&nbsp;<br>El mandatario afirm\u00f3 que la confianza empresarial responde a las condiciones de estabilidad, paz social y certeza jur\u00eddica que ofrece el estado, as\u00ed como a la estrategia de infraestructura y desarrollo territorial impulsada a trav\u00e9s del Renacimiento Maya.<br>&nbsp;<br>\u201cSon 120 millones de pesos en el Complejo Diamante; 320 millones en Avenida Internacional; 250 millones en Progreso Hub; y 500 millones en MidPoint, en M\u00e9rida. Esta inversi\u00f3n 100% privada est\u00e1 comprometida con el desarrollo regional: genera empleos y fortalece la proveedur\u00eda local, el sector transporte y la cadena de valor log\u00edstica del estado. El Complejo Diamante ampl\u00eda la capacidad instalada de Yucat\u00e1n para almacenamiento, distribuci\u00f3n y \u00faltima milla\u201d, detall\u00f3.<br>&nbsp;<br>A su vez, el socio fundador de Midstorage, Iv\u00e1n Gonz\u00e1lez Basteris, resalt\u00f3 que la inauguraci\u00f3n representa un paso m\u00e1s en una visi\u00f3n de infraestructura industrial que responde a las necesidades del presente y del futuro, con parques industriales mejor equipados, ubicados en puntos estrat\u00e9gicos para una conexi\u00f3n eficiente con la ciudad y con facilidades de acceso mediante transporte p\u00fablico.<br>&nbsp;<\/p>\n","protected":false},"excerpt":{"rendered":"<p>M\u00e9rida, Yucat\u00e1n, a 3 de marzo de 2026El gobernador Joaqu\u00edn D\u00edaz Mena inaugur\u00f3 el Complejo Diamante de Midstorage y anunci\u00f3 una cartera de inversi\u00f3n privada por 1,190 millones de pesos<\/p>\n","protected":false},"author":1,"featured_media":138828,"comment_status":"open","ping_status":"open","sticky":false,"template":"","format":"standard","meta":{"jetpack_post_was_ever_published":false,"_jetpack_newsletter_access":"","_jetpack_dont_email_post_to_subs":false,"_jetpack_newsletter_tier_id":0,"_jetpack_memberships_contains_paywalled_content":false,"_jetpack_memberships_contains_paid_content":false,"footnotes":"","jetpack_publicize_message":"","jetpack_publicize_feature_enabled":true,"jetpack_social_post_already_shared":true,"jetpack_social_options":{"image_generator_settings":{"template":"highway","default_image_id":0,"font":"","enabled":false},"version":2}},"categories":[14,1],"tags":[],"class_list":["post-138827","post","type-post","status-publish","format-standard","has-post-thumbnail","hentry","category-merida","category-sin-categoria"],"jetpack_publicize_connections":[],"jetpack_featured_media_url":"https:\/\/formalprision.com\/wp-content\/uploads\/2026\/03\/IMG-20260303-WA0095.jpg","jetpack_sharing_enabled":true,"jetpack_shortlink":"https:\/\/wp.me\/p6id8p-A79","_links":{"self":[{"href":"https:\/\/formalprision.com\/index.php?rest_route=\/wp\/v2\/posts\/138827","targetHints":{"allow":["GET"]}}],"collection":[{"href":"https:\/\/formalprision.com\/index.php?rest_route=\/wp\/v2\/posts"}],"about":[{"href":"https:\/\/formalprision.com\/index.php?rest_route=\/wp\/v2\/types\/post"}],"author":[{"embeddable":true,"href":"https:\/\/formalprision.com\/index.php?rest_route=\/wp\/v2\/users\/1"}],"replies":[{"embeddable":true,"href":"https:\/\/formalprision.com\/index.php?rest_route=%2Fwp%2Fv2%2Fcomments&post=138827"}],"version-history":[{"count":1,"href":"https:\/\/formalprision.com\/index.php?rest_route=\/wp\/v2\/posts\/138827\/revisions"}],"predecessor-version":[{"id":138829,"href":"https:\/\/formalprision.com\/index.php?rest_route=\/wp\/v2\/posts\/138827\/revisions\/138829"}],"wp:featuredmedia":[{"embeddable":true,"href":"https:\/\/formalprision.com\/index.php?rest_route=\/wp\/v2\/media\/138828"}],"wp:attachment":[{"href":"https:\/\/formalprision.com\/index.php?rest_route=%2Fwp%2Fv2%2Fmedia&parent=138827"}],"wp:term":[{"taxonomy":"category","embeddable":true,"href":"https:\/\/formalprision.com\/index.php?rest_route=%2Fwp%2Fv2%2Fcategories&post=138827"},{"taxonomy":"post_tag","embeddable":true,"href":"https:\/\/formalprision.com\/index.php?rest_route=%2Fwp%2Fv2%2Ftags&post=138827"}],"curies":[{"name":"wp","href":"https:\/\/api.w.org\/{rel}","templated":true}]}}