{"id":138837,"date":"2026-03-04T10:43:12","date_gmt":"2026-03-04T15:43:12","guid":{"rendered":"https:\/\/formalprision.com\/?p=138837"},"modified":"2026-03-05T00:21:25","modified_gmt":"2026-03-05T05:21:25","slug":"designan-a-juan-manuel-cardos-pereira-como-nuevo-titular-del-incay","status":"publish","type":"post","link":"https:\/\/formalprision.com\/?p=138837","title":{"rendered":"Designan a Juan Manuel Card\u00f3s Pereira como nuevo titular del Incay"},"content":{"rendered":"\n<p>M\u00e9rida, Yucat\u00e1n, a 4 de marzo de 2026.-Para fortalecer la planeaci\u00f3n, modernizaci\u00f3n y conservaci\u00f3n de la red vial del estado, el gobernador Joaqu\u00edn D\u00edaz Mena design\u00f3 a Juan Manuel Card\u00f3s Pereira como director general del Instituto de Infraestructura Carretera de Yucat\u00e1n (Incay), con el objetivo de consolidar una agenda t\u00e9cnica que mejore la conectividad y la seguridad vial en Yucat\u00e1n.<br>&nbsp;<br>Card\u00f3s Pereira cuenta con m\u00e1s de 17 a\u00f1os de experiencia especializada en gesti\u00f3n de infraestructura carretera, construcci\u00f3n, conservaci\u00f3n y modernizaci\u00f3n de v\u00edas terrestres, as\u00ed como en la administraci\u00f3n de recursos p\u00fablicos y coordinaci\u00f3n interinstitucional.<br>&nbsp;<br>Es Ingeniero civil por la Universidad Aut\u00f3noma de Yucat\u00e1n (UADY),<\/p>\n","protected":false},"excerpt":{"rendered":"<p>M\u00e9rida, Yucat\u00e1n, a 4 de marzo de 2026.-Para fortalecer la planeaci\u00f3n, modernizaci\u00f3n y conservaci\u00f3n de la red vial del estado, el gobernador Joaqu\u00edn D\u00edaz Mena design\u00f3 a Juan Manuel Card\u00f3s<\/p>\n","protected":false},"author":1,"featured_media":138838,"comment_status":"open","ping_status":"open","sticky":false,"template":"","format":"standard","meta":{"jetpack_post_was_ever_published":false,"_jetpack_newsletter_access":"","_jetpack_dont_email_post_to_subs":false,"_jetpack_newsletter_tier_id":0,"_jetpack_memberships_contains_paywalled_content":false,"_jetpack_memberships_contains_paid_content":false,"footnotes":"","jetpack_publicize_message":"","jetpack_publicize_feature_enabled":true,"jetpack_social_post_already_shared":true,"jetpack_social_options":{"image_generator_settings":{"template":"highway","default_image_id":0,"font":"","enabled":false},"version":2}},"categories":[17,54],"tags":[],"class_list":["post-138837","post","type-post","status-publish","format-standard","has-post-thumbnail","hentry","category-politica-y-gobierno","category-yucatan"],"jetpack_publicize_connections":[],"jetpack_featured_media_url":"https:\/\/formalprision.com\/wp-content\/uploads\/2026\/03\/IMG-20260304-WA00301.jpg","jetpack_sharing_enabled":true,"jetpack_shortlink":"https:\/\/wp.me\/p6id8p-A7j","_links":{"self":[{"href":"https:\/\/formalprision.com\/index.php?rest_route=\/wp\/v2\/posts\/138837","targetHints":{"allow":["GET"]}}],"collection":[{"href":"https:\/\/formalprision.com\/index.php?rest_route=\/wp\/v2\/posts"}],"about":[{"href":"https:\/\/formalprision.com\/index.php?rest_route=\/wp\/v2\/types\/post"}],"author":[{"embeddable":true,"href":"https:\/\/formalprision.com\/index.php?rest_route=\/wp\/v2\/users\/1"}],"replies":[{"embeddable":true,"href":"https:\/\/formalprision.com\/index.php?rest_route=%2Fwp%2Fv2%2Fcomments&post=138837"}],"version-history":[{"count":1,"href":"https:\/\/formalprision.com\/index.php?rest_route=\/wp\/v2\/posts\/138837\/revisions"}],"predecessor-version":[{"id":138839,"href":"https:\/\/formalprision.com\/index.php?rest_route=\/wp\/v2\/posts\/138837\/revisions\/138839"}],"wp:featuredmedia":[{"embeddable":true,"href":"https:\/\/formalprision.com\/index.php?rest_route=\/wp\/v2\/media\/138838"}],"wp:attachment":[{"href":"https:\/\/formalprision.com\/index.php?rest_route=%2Fwp%2Fv2%2Fmedia&parent=138837"}],"wp:term":[{"taxonomy":"category","embeddable":true,"href":"https:\/\/formalprision.com\/index.php?rest_route=%2Fwp%2Fv2%2Fcategories&post=138837"},{"taxonomy":"post_tag","embeddable":true,"href":"https:\/\/formalprision.com\/index.php?rest_route=%2Fwp%2Fv2%2Ftags&post=138837"}],"curies":[{"name":"wp","href":"https:\/\/api.w.org\/{rel}","templated":true}]}}