{"id":138840,"date":"2026-03-04T12:26:36","date_gmt":"2026-03-04T17:26:36","guid":{"rendered":"https:\/\/formalprision.com\/?p=138840"},"modified":"2026-03-06T05:32:31","modified_gmt":"2026-03-06T10:32:31","slug":"en-dialogos-con-el-pueblo-atienden-necesidades-del-poniente-de-merida","status":"publish","type":"post","link":"https:\/\/formalprision.com\/?p=138840","title":{"rendered":"En \u00abdi\u00e1logos con el pueblo\u00bb atienden necesidades del poniente de M\u00e9rida"},"content":{"rendered":"\n<p>M\u00e9rida, Yucat\u00e1n, a 4 de marzo de 2026-El gobernador Joaqu\u00edn D\u00edaz Mena encabez\u00f3 los Di\u00e1logos con el Pueblo en el fraccionamiento Juan Pablo II, espacio en el que escuch\u00f3 planteamientos ciudadanos y se comprometi\u00f3 a dar seguimiento a las principales demandas del poniente de M\u00e9rida.<br>&nbsp;<br>Durante el encuentro, el mandatario estatal dio a conocer que, como parte de la atenci\u00f3n al Paseo Verde, se rehabilitar\u00e1n cuatro canchas de fut-7 que se encuentran en mal estado y, adem\u00e1s, se construir\u00e1n dos nuevas.<br>&nbsp;<br>Acompa\u00f1ado de integrantes de su gabinete, regidores del Ayuntamiento de M\u00e9rida y representantes del Gobierno de M\u00e9xico, D\u00edaz Mena destac\u00f3 que gracias a este ejercicio de escucha, su administracion ha realizado obras en favor de 28 colonias de M\u00e9rida, como repavimentaci\u00f3n y reparaci\u00f3n de calles, acciones de mejoramiento del servicio de agua potable y recuperaci\u00f3n de espacios p\u00fablicos.<br>&nbsp;<br>En el encuentro, habitantes del fraccionamiento y de otros asentamientos de la zona expusieron solicitudes relacionadas con equipamiento y mejora de infraestructura educativa, as\u00ed como mejoramiento de vialidades, del servicio de agua potable y de espacios p\u00fablicos, como parques y canchas.<br>&nbsp;<\/p>\n","protected":false},"excerpt":{"rendered":"<p>M\u00e9rida, Yucat\u00e1n, a 4 de marzo de 2026-El gobernador Joaqu\u00edn D\u00edaz Mena encabez\u00f3 los Di\u00e1logos con el Pueblo en el fraccionamiento Juan Pablo II, espacio en el que escuch\u00f3 planteamientos<\/p>\n","protected":false},"author":1,"featured_media":138841,"comment_status":"open","ping_status":"open","sticky":false,"template":"","format":"standard","meta":{"jetpack_post_was_ever_published":false,"_jetpack_newsletter_access":"","_jetpack_dont_email_post_to_subs":false,"_jetpack_newsletter_tier_id":0,"_jetpack_memberships_contains_paywalled_content":false,"_jetpack_memberships_contains_paid_content":false,"footnotes":"","jetpack_publicize_message":"","jetpack_publicize_feature_enabled":true,"jetpack_social_post_already_shared":true,"jetpack_social_options":{"image_generator_settings":{"template":"highway","default_image_id":0,"font":"","enabled":false},"version":2}},"categories":[54],"tags":[],"class_list":["post-138840","post","type-post","status-publish","format-standard","has-post-thumbnail","hentry","category-yucatan"],"jetpack_publicize_connections":[],"jetpack_featured_media_url":"https:\/\/formalprision.com\/wp-content\/uploads\/2026\/03\/IMG-20260304-WA0015.jpg","jetpack_sharing_enabled":true,"jetpack_shortlink":"https:\/\/wp.me\/p6id8p-A7m","_links":{"self":[{"href":"https:\/\/formalprision.com\/index.php?rest_route=\/wp\/v2\/posts\/138840","targetHints":{"allow":["GET"]}}],"collection":[{"href":"https:\/\/formalprision.com\/index.php?rest_route=\/wp\/v2\/posts"}],"about":[{"href":"https:\/\/formalprision.com\/index.php?rest_route=\/wp\/v2\/types\/post"}],"author":[{"embeddable":true,"href":"https:\/\/formalprision.com\/index.php?rest_route=\/wp\/v2\/users\/1"}],"replies":[{"embeddable":true,"href":"https:\/\/formalprision.com\/index.php?rest_route=%2Fwp%2Fv2%2Fcomments&post=138840"}],"version-history":[{"count":1,"href":"https:\/\/formalprision.com\/index.php?rest_route=\/wp\/v2\/posts\/138840\/revisions"}],"predecessor-version":[{"id":138842,"href":"https:\/\/formalprision.com\/index.php?rest_route=\/wp\/v2\/posts\/138840\/revisions\/138842"}],"wp:featuredmedia":[{"embeddable":true,"href":"https:\/\/formalprision.com\/index.php?rest_route=\/wp\/v2\/media\/138841"}],"wp:attachment":[{"href":"https:\/\/formalprision.com\/index.php?rest_route=%2Fwp%2Fv2%2Fmedia&parent=138840"}],"wp:term":[{"taxonomy":"category","embeddable":true,"href":"https:\/\/formalprision.com\/index.php?rest_route=%2Fwp%2Fv2%2Fcategories&post=138840"},{"taxonomy":"post_tag","embeddable":true,"href":"https:\/\/formalprision.com\/index.php?rest_route=%2Fwp%2Fv2%2Ftags&post=138840"}],"curies":[{"name":"wp","href":"https:\/\/api.w.org\/{rel}","templated":true}]}}