{"id":138846,"date":"2026-03-04T21:31:39","date_gmt":"2026-03-05T02:31:39","guid":{"rendered":"https:\/\/formalprision.com\/?p=138846"},"modified":"2026-03-06T05:32:08","modified_gmt":"2026-03-06T10:32:08","slug":"honra-cecilia-patron-la-lucha-de-las-meridanas-con-la-iluminacion-del-palacio-municipal","status":"publish","type":"post","link":"https:\/\/formalprision.com\/?p=138846","title":{"rendered":"Honra Cecilia Patr\u00f3n la lucha de las meridanas con la iluminaci\u00f3n del Palacio Municipal"},"content":{"rendered":"\n<p>M\u00c9RIDA, Yucat\u00e1n.- El Palacio Municipal de M\u00e9rida se ilumin\u00f3 de morado en conmemoraci\u00f3n del D\u00eda Internacional de la Mujer ante meridanas y la presidenta municipal Cecilia Patr\u00f3n, en un acto para honrar la lucha hist\u00f3rica de las mujeres y refrendar el compromiso con la igualdad sustantiva desde el Ayuntamiento.<\/p>\n\n\n\n<p>\u201cEn m\u00ed cuentan con una aliada m\u00e1s, en este camino donde todas avanzaremos juntas, en el que cada una ser\u00e1 escuchada, apoyada, visibilizada, acompa\u00f1ada e impulsada. Porque este gobierno municipal con rostro de mujer es de ustedes y para ustedes\u201d, expres\u00f3 la alcaldesa,<\/p>\n\n\n\n<p>La iluminaci\u00f3n del Palacio Municipal simboliza la fuerza, la dignidad y la esperanza de miles de mujeres que, muchas veces en silencio, sacan adelante a sus familias y persiguen sus sue\u00f1os. Es tambi\u00e9n un recordatorio de que el compromiso institucional no termina en marzo, sino que es una convicci\u00f3n permanente que gu\u00eda cada acci\u00f3n del Ayuntamiento.<\/p>\n\n\n\n<p>Bajo el lema \u201cMujeres por M\u00e9rida: Cuando las mujeres avanzan, M\u00e9rida avanza\u201d, la administraci\u00f3n municipal present\u00f3 una campa\u00f1a que reconoce, visibiliza y conmemora a quienes, desde distintos \u00e1mbitos sociales, comunitarios, acad\u00e9micos, laborales, deportivos y econ\u00f3micos, contribuyen todos los d\u00edas a construir una ciudad m\u00e1s justa, incluyente y con mayores oportunidades para todas.<\/p>\n\n\n\n<p>\u201cNo es s\u00f3lo una conmemoraci\u00f3n, es un espacio para escucharnos, reconocernos y fortalecernos\u201d, afirm\u00f3 Cecilia.<\/p>\n\n\n\n<p>El concepto de \u201caliadas\u201d gu\u00eda esta campa\u00f1a, significando y dignificando el acompa\u00f1ar, respaldar y abrir camino para que m\u00e1s mujeres puedan desarrollarse plenamente, libres de violencia y con igualdad de oportunidades.<\/p>\n\n\n\n<p>El programa culminar\u00e1 el 27 de marzo e incluye m\u00e1s de 20 actividades distribuidas en diversos puntos de la ciudad y sus comisar\u00edas, acercando servicios, espacios de reflexi\u00f3n y actividades culturales a colonias y comunidades.<\/p>\n\n\n\n<p>El objetivo es claro, estar cerca, escuchar, acompa\u00f1ar y fortalecer la voz de las mujeres en todos los rincones de M\u00e9rida. Entre los eventos destacados se encuentran el videomapping \u201cMujeres por M\u00e9rida\u201d; la firma de la Carta Intenci\u00f3n \u201cMujeres Seguras\u201d con empresas e instituciones; el reconocimiento \u201cMujeres Rompiendo Paradigmas\u201d; y la Ruta Mujeres: Conectadas por Nuestros Derechos.<\/p>\n\n\n\n<p>A ello se suman ferias comunitarias, talleres, conversatorios sobre violencia digital y vicaria, as\u00ed como brigadas informativas que llevar\u00e1n orientaci\u00f3n y servicios a quienes m\u00e1s lo necesiten.<\/p>\n\n\n\n<p>Como parte central de esta estrategia, la alcaldesa anunci\u00f3 la participaci\u00f3n de cinco embajadoras que representan el talento y la diversidad de las mujeres meridanas: Mar\u00eda Paula Balam Aguilar, activista por los derechos de las mujeres; Arantza Salom\u00e9 L\u00f3pez S\u00e1nchez, ingeniera mecatr\u00f3nica; las futbolistas Danna Reins y Renata G\u00f3mez Medina; Jessica Sara\u00ed Guzm\u00e1n Tun, emprendedora de la marca \u201cBisuter\u00eda Sarai Guzman\u201d; y Silvia Beatriz Bates Ku, creadora de \u201cSylvi Craft, jabones, velas y cremas artesanales\u201d.<\/p>\n\n\n\n<p>La campa\u00f1a tambi\u00e9n contempla la integraci\u00f3n de un banco de historias exitosas de mujeres en M\u00e9rida, visibilizando casos de emprendimientos, arte, cultura, deporte, academia y liderazgo comunitario. Estas historias no solo inspiran, sino que demuestran que el talento y la determinaci\u00f3n de las meridanas son motor de desarrollo y ejemplo para las nuevas generaciones.<\/p>\n\n\n\n<p>En concordancia con el tema del D\u00eda Internacional de la Mujer 2026, \u201cDar para recibir\u201d, la alcaldesa destac\u00f3 la importancia de compartir tiempo, conocimiento y apoyo en beneficio de la comunidad. Se\u00f1al\u00f3 que cuando una mujer tiende la mano a otra, se fortalece el tejido social y se multiplica el impacto positivo en las familias y en toda la ciudad.<\/p>\n\n\n\n<p>Mediante el Instituto de las Mujeres, el Ayuntamiento reafirma su compromiso con servicios integrales como la Atenci\u00f3n Especializada a Mujeres en Situaci\u00f3n de Violencia, la L\u00ednea Mujer 24\/7, las Redes Comunitarias, el programa Mujeres Seguras en tu Establecimiento y las Jornadas Sin Filtros, que ofrecen talleres informativos y orientaci\u00f3n permanente para la construcci\u00f3n de proyectos de vida.<\/p>\n\n\n\n<p>Con esta agenda integral, el gobierno municipal refrenda que las mujeres no est\u00e1n solas y que cuentan con aliadas firmes desde el Ayuntamiento, donde \u201cSigamos avanzando juntas, con respeto, con igualdad y con esperanza. Porque cuando las mujeres avanzan, M\u00e9rida avanza\u201d, concluy\u00f3 Cecilia.<\/p>\n\n\n\n<p>Acompa\u00f1aron a la alcaldesa las coordinadoras generales Flora Zapata Mendiolea, de Justicia Social y Desarrollo Humano y Lizbeth Basto Avil\u00e9s, de Buen Gobierno;; Yahayra Centeno Ceballos, directora del Instituto de las Mujeres; las diputadas locales Sayda Rodr\u00edguez G\u00f3mez, Manuela Cocom Bolio, Itzel Falla Uribe y Zhazil M\u00e9ndez Moguel.<\/p>\n\n\n\n<p>Tambi\u00e9n se cont\u00f3 con la presencia de la regidora Ang\u00e9lica Mena Maga\u00f1a junto con las directoras, subdirectoras y jefas de departamento en representaci\u00f3n de todas las colaboradoras del Ayuntamiento de M\u00e9rida.<\/p>\n\n\n\n<p>Destacaron igualmente las embajadoras, emprendedoras y algunas beneficiarias de los diferentes apoyos y programas del Ayuntamiento.<\/p>\n","protected":false},"excerpt":{"rendered":"<p>M\u00c9RIDA, Yucat\u00e1n.- El Palacio Municipal de M\u00e9rida se ilumin\u00f3 de morado en conmemoraci\u00f3n del D\u00eda Internacional de la Mujer ante meridanas y la presidenta municipal Cecilia Patr\u00f3n, en un acto<\/p>\n","protected":false},"author":2,"featured_media":138848,"comment_status":"open","ping_status":"open","sticky":false,"template":"","format":"standard","meta":{"jetpack_post_was_ever_published":false,"_jetpack_newsletter_access":"","_jetpack_dont_email_post_to_subs":false,"_jetpack_newsletter_tier_id":0,"_jetpack_memberships_contains_paywalled_content":false,"_jetpack_memberships_contains_paid_content":false,"footnotes":"","jetpack_publicize_message":"","jetpack_publicize_feature_enabled":true,"jetpack_social_post_already_shared":true,"jetpack_social_options":{"image_generator_settings":{"template":"highway","default_image_id":0,"font":"","enabled":false},"version":2}},"categories":[14],"tags":[],"class_list":["post-138846","post","type-post","status-publish","format-standard","has-post-thumbnail","hentry","category-merida"],"jetpack_publicize_connections":[],"jetpack_featured_media_url":"https:\/\/formalprision.com\/wp-content\/uploads\/2026\/03\/WhatsApp-Image-2026-03-04-at-8.09.23-PM.jpeg","jetpack_sharing_enabled":true,"jetpack_shortlink":"https:\/\/wp.me\/p6id8p-A7s","_links":{"self":[{"href":"https:\/\/formalprision.com\/index.php?rest_route=\/wp\/v2\/posts\/138846","targetHints":{"allow":["GET"]}}],"collection":[{"href":"https:\/\/formalprision.com\/index.php?rest_route=\/wp\/v2\/posts"}],"about":[{"href":"https:\/\/formalprision.com\/index.php?rest_route=\/wp\/v2\/types\/post"}],"author":[{"embeddable":true,"href":"https:\/\/formalprision.com\/index.php?rest_route=\/wp\/v2\/users\/2"}],"replies":[{"embeddable":true,"href":"https:\/\/formalprision.com\/index.php?rest_route=%2Fwp%2Fv2%2Fcomments&post=138846"}],"version-history":[{"count":1,"href":"https:\/\/formalprision.com\/index.php?rest_route=\/wp\/v2\/posts\/138846\/revisions"}],"predecessor-version":[{"id":138847,"href":"https:\/\/formalprision.com\/index.php?rest_route=\/wp\/v2\/posts\/138846\/revisions\/138847"}],"wp:featuredmedia":[{"embeddable":true,"href":"https:\/\/formalprision.com\/index.php?rest_route=\/wp\/v2\/media\/138848"}],"wp:attachment":[{"href":"https:\/\/formalprision.com\/index.php?rest_route=%2Fwp%2Fv2%2Fmedia&parent=138846"}],"wp:term":[{"taxonomy":"category","embeddable":true,"href":"https:\/\/formalprision.com\/index.php?rest_route=%2Fwp%2Fv2%2Fcategories&post=138846"},{"taxonomy":"post_tag","embeddable":true,"href":"https:\/\/formalprision.com\/index.php?rest_route=%2Fwp%2Fv2%2Ftags&post=138846"}],"curies":[{"name":"wp","href":"https:\/\/api.w.org\/{rel}","templated":true}]}}