{"id":138852,"date":"2026-03-05T07:19:26","date_gmt":"2026-03-05T12:19:26","guid":{"rendered":"https:\/\/formalprision.com\/?p=138852"},"modified":"2026-03-06T05:31:27","modified_gmt":"2026-03-06T10:31:27","slug":"ecuador-expulsa-al-personal-diplomatico-de-cuba-y-retira-a-su-embajador-en-la-habana","status":"publish","type":"post","link":"https:\/\/formalprision.com\/?p=138852","title":{"rendered":"Ecuador expulsa al personal diplom\u00e1tico de Cuba y retira a su embajador en La Habana"},"content":{"rendered":"\n<p>QUITO, Ecuador.- El Gobierno de Ecuador expuls\u00f3 hoy mi\u00e9rcoles a todo el personal diplom\u00e1tico de Cuba acreditado en el pa\u00eds andino, incluido a su embajador, Basilio Guti\u00e9rrez, y tambi\u00e9n retir\u00f3 a su embajador en La Habana, lo que supone la ruptura de las relaciones diplom\u00e1ticas con la isla.<\/p>\n\n\n\n<p>En un comunicado, el Ministerio de Relaciones Exteriores de Ecuador detall\u00f3 que todo el personal de la misi\u00f3n diplom\u00e1tica de la isla acreditada en Quito ha sido declarado como personal no grato y cuentan con un plazo de 48 horas para abandonar el pa\u00eds.<\/p>\n\n\n\n<p>El Ejecutivo del presidente derechista Daniel Noboa argument\u00f3 este anuncio con base en el art\u00edculo 9 de la Convenci\u00f3n de Viena sobre Relaciones Diplom\u00e1ticas.<\/p>\n\n\n\n<p>A su vez, Noboa dispuso el retorno del embajador ecuatoriano en La Habana, Jos\u00e9 Mar\u00eda Borja, quien desempe\u00f1aba el rol desde 2021, con servicio tambi\u00e9n en Jamaica, San Vicente y las Granadinas y Dominica.<\/p>\n\n\n\n<p>El decreto se sustenta en lo establecido en el art\u00edculo 141 de la Constituci\u00f3n, que dispone que el presidente ejerce la funci\u00f3n ejecutiva y es jefe de Estado y Gobierno, y menciona que el art\u00edculo 147 le habilita para nombrar y remover a los funcionarios p\u00fablicos.<\/p>\n\n\n\n<p>Estas decisiones por parte de Noboa se producen pocos d\u00edas antes de que acuda a Estados Unidos para participar en una cumbre de presidentes de pa\u00edses de Latinoam\u00e9rica con Donald Trump, con quien la Administraci\u00f3n ecuatoriana ha estrechado lazos y respaldado en su pol\u00edtica exterior, como con la captura del presidente de Venezuela Nicol\u00e1s Maduro.<\/p>\n\n\n\n<p>As\u00ed, Noboa abre una nueva crisis diplom\u00e1tica con otro pa\u00eds de Latinoam\u00e9rica tras tener ya relaciones rotas con Venezuela, M\u00e9xico y Nicaragua luego de la captura del exvicepresidente corre\u00edsta Jorge Glas en un asalto a la Embajada mexicana, cuando este ya hab\u00eda recibido asilo diplom\u00e1tico.<\/p>\n","protected":false},"excerpt":{"rendered":"<p>QUITO, Ecuador.- El Gobierno de Ecuador expuls\u00f3 hoy mi\u00e9rcoles a todo el personal diplom\u00e1tico de Cuba acreditado en el pa\u00eds andino, incluido a su embajador, Basilio Guti\u00e9rrez, y tambi\u00e9n retir\u00f3<\/p>\n","protected":false},"author":2,"featured_media":138854,"comment_status":"open","ping_status":"open","sticky":false,"template":"","format":"standard","meta":{"jetpack_post_was_ever_published":false,"_jetpack_newsletter_access":"","_jetpack_dont_email_post_to_subs":false,"_jetpack_newsletter_tier_id":0,"_jetpack_memberships_contains_paywalled_content":false,"_jetpack_memberships_contains_paid_content":false,"footnotes":"","jetpack_publicize_message":"","jetpack_publicize_feature_enabled":true,"jetpack_social_post_already_shared":true,"jetpack_social_options":{"image_generator_settings":{"template":"highway","default_image_id":0,"font":"","enabled":false},"version":2}},"categories":[23],"tags":[],"class_list":["post-138852","post","type-post","status-publish","format-standard","has-post-thumbnail","hentry","category-del-mundo"],"jetpack_publicize_connections":[],"jetpack_featured_media_url":"https:\/\/formalprision.com\/wp-content\/uploads\/2026\/03\/dor.jpg","jetpack_sharing_enabled":true,"jetpack_shortlink":"https:\/\/wp.me\/p6id8p-A7y","_links":{"self":[{"href":"https:\/\/formalprision.com\/index.php?rest_route=\/wp\/v2\/posts\/138852","targetHints":{"allow":["GET"]}}],"collection":[{"href":"https:\/\/formalprision.com\/index.php?rest_route=\/wp\/v2\/posts"}],"about":[{"href":"https:\/\/formalprision.com\/index.php?rest_route=\/wp\/v2\/types\/post"}],"author":[{"embeddable":true,"href":"https:\/\/formalprision.com\/index.php?rest_route=\/wp\/v2\/users\/2"}],"replies":[{"embeddable":true,"href":"https:\/\/formalprision.com\/index.php?rest_route=%2Fwp%2Fv2%2Fcomments&post=138852"}],"version-history":[{"count":1,"href":"https:\/\/formalprision.com\/index.php?rest_route=\/wp\/v2\/posts\/138852\/revisions"}],"predecessor-version":[{"id":138853,"href":"https:\/\/formalprision.com\/index.php?rest_route=\/wp\/v2\/posts\/138852\/revisions\/138853"}],"wp:featuredmedia":[{"embeddable":true,"href":"https:\/\/formalprision.com\/index.php?rest_route=\/wp\/v2\/media\/138854"}],"wp:attachment":[{"href":"https:\/\/formalprision.com\/index.php?rest_route=%2Fwp%2Fv2%2Fmedia&parent=138852"}],"wp:term":[{"taxonomy":"category","embeddable":true,"href":"https:\/\/formalprision.com\/index.php?rest_route=%2Fwp%2Fv2%2Fcategories&post=138852"},{"taxonomy":"post_tag","embeddable":true,"href":"https:\/\/formalprision.com\/index.php?rest_route=%2Fwp%2Fv2%2Ftags&post=138852"}],"curies":[{"name":"wp","href":"https:\/\/api.w.org\/{rel}","templated":true}]}}