{"id":138858,"date":"2026-03-05T14:32:32","date_gmt":"2026-03-05T19:32:32","guid":{"rendered":"https:\/\/formalprision.com\/?p=138858"},"modified":"2026-03-05T14:32:32","modified_gmt":"2026-03-05T19:32:32","slug":"ayuntamiento-de-merida-presenta-un-videomapping-conmemorativo-del-8m-en-la-peni","status":"publish","type":"post","link":"https:\/\/formalprision.com\/?p=138858","title":{"rendered":"Ayuntamiento de M\u00e9rida presenta un videomapping conmemorativo del 8M en La Peni"},"content":{"rendered":"\n<p>M\u00c9RIDA, Yucat\u00e1n.- En marzo, las mujeres son las protagonistas en diversos programas art\u00edsticos tradicionales que consolidan a M\u00e9rida con referente cultural,&nbsp;en el marco de la campa\u00f1a \u201cMujeres por M\u00e9rida: Cuando las mujeres avanzan, M\u00e9rida avanza\u201d del Ayuntamiento de M\u00e9rida que encabeza la presidenta municipal Cecilia Patr\u00f3n Laviada.<\/p>\n\n\n\n<p>Este mes, el videomapping \u201cM\u00e9rida: Origen y Memoria\u201d agrega a su proyecci\u00f3n el estreno de una canci\u00f3n original en la que convergen valores y el reconocimiento a las mujeres que han hecho historia en M\u00e9rida y en Yucat\u00e1n.<\/p>\n\n\n\n<p>El segmento cubrir\u00e1 de color morado la fachada del edificio de La Peni, en el parque de La Paz, llenado de luz y animaciones el espacio, con un mensaje claro de reconocimiento, sororidad y empoderamiento de las mujeres.&nbsp;<\/p>\n\n\n\n<p>Se proyecta de jueves a domingo en tres horarios: 7:00, 8:00 y 9:00 de la noche, para toda la familia y de acceso es libre.<\/p>\n\n\n\n<p>En el Centro Cultural del Sur, el ciclo de cine semanal proyectar\u00e1 pel\u00edculas aptas para la familia, donde las mujeres ser\u00e1n las protagonistas de diferentes aventuras en \u201cRed\u201d, \u201cValiente\u201d y \u201cSiente el ritmo\u201d. Las cintas se proyectan de mi\u00e9rcoles a domingo, a las 4:00 y 6:00 p.m., con acceso libre.<\/p>\n\n\n\n<p>Este jueves, el programa de la Serenata Yucateca en el parque de Santa Luc\u00eda ser\u00e1 encabezado por talento femenino, con las bailarinas del Ballet Folcl\u00f3rico Titular del Ayuntamiento y la voz de Rub\u00ed, gran representante de la trova yucateca, a partir de las 9 de la noche.&nbsp;&nbsp;<\/p>\n\n\n\n<p>El declamador Miguel Segura tambi\u00e9n ser\u00e1 parte del programa con los poemas \u201cMestiza de mi tierra\u201d, \u201cAgua de pozo\u201d y \u201cDe visita en M\u00e9rida\u201d. Adem\u00e1s, el Tr\u00edo Los Cardenales cantar\u00e1 obras dedicadas a la mujer.<\/p>\n\n\n\n<p>En el Centro Cultural Jos\u00e9 Mart\u00ed se inaugurar\u00e1 este viernes la exposici\u00f3n \u201cColores de mi Tierra\u201d, una colectiva que re\u00fane 23 obras de diversas t\u00e9cnicas, como \u00f3leo, acuarela y pastel, en la que los participantes evocan al paisaje, cultura y costumbres de Yucat\u00e1n, con matices aut\u00f3ctonos.<\/p>\n\n\n\n<p>Las obras fueron creadas por Landy Torres, Teresita Benites Rodr\u00edguez, Lourdes Tototzintle, Lupita P\u00e9rez Vera y Julio Castillo y permanecer\u00e1n expuestas hasta principios de mayo.<\/p>\n\n\n\n<p>En artes pl\u00e1sticas tambi\u00e9n se puede disfrutar la presencia femenina bajo la mirada particular de artistas como Manuel Lizama, que forma parte de la \u201cColecci\u00f3n Macay\u201d en el Museo de la Ciudad de M\u00e9rida, y en el Centro Cultural Fernando Castro Pacheco.<\/p>\n\n\n\n<p>Ayer mi\u00e9rcoles, en el Centro Cultural del Sur se realiz\u00f3 una jornada conmemorativa de expresi\u00f3n y comunidad, que incluy\u00f3 una charla sobre la efem\u00e9ride, un taller de pintura y clases de zumba fitness y karaoke para las mujeres con buena respuesta de las vecinas del rumbo y p\u00fablico en general.<\/p>\n\n\n\n<p>En www.merida.gob.mx\/cultura se puede encontrar m\u00e1s actividades culturales y art\u00edsticas para disfrutar en M\u00e9rida.<\/p>\n","protected":false},"excerpt":{"rendered":"<p>M\u00c9RIDA, Yucat\u00e1n.- En marzo, las mujeres son las protagonistas en diversos programas art\u00edsticos tradicionales que consolidan a M\u00e9rida con referente cultural,&nbsp;en el marco de la campa\u00f1a \u201cMujeres por M\u00e9rida: Cuando<\/p>\n","protected":false},"author":2,"featured_media":138860,"comment_status":"open","ping_status":"open","sticky":false,"template":"","format":"standard","meta":{"jetpack_post_was_ever_published":false,"_jetpack_newsletter_access":"","_jetpack_dont_email_post_to_subs":false,"_jetpack_newsletter_tier_id":0,"_jetpack_memberships_contains_paywalled_content":false,"_jetpack_memberships_contains_paid_content":false,"footnotes":"","jetpack_publicize_message":"","jetpack_publicize_feature_enabled":true,"jetpack_social_post_already_shared":true,"jetpack_social_options":{"image_generator_settings":{"template":"highway","default_image_id":0,"font":"","enabled":false},"version":2}},"categories":[14],"tags":[],"class_list":["post-138858","post","type-post","status-publish","format-standard","has-post-thumbnail","hentry","category-merida"],"jetpack_publicize_connections":[],"jetpack_featured_media_url":"https:\/\/formalprision.com\/wp-content\/uploads\/2026\/03\/WhatsApp-Image-2026-03-05-at-12.21.36-PM.jpeg","jetpack_sharing_enabled":true,"jetpack_shortlink":"https:\/\/wp.me\/p6id8p-A7E","_links":{"self":[{"href":"https:\/\/formalprision.com\/index.php?rest_route=\/wp\/v2\/posts\/138858","targetHints":{"allow":["GET"]}}],"collection":[{"href":"https:\/\/formalprision.com\/index.php?rest_route=\/wp\/v2\/posts"}],"about":[{"href":"https:\/\/formalprision.com\/index.php?rest_route=\/wp\/v2\/types\/post"}],"author":[{"embeddable":true,"href":"https:\/\/formalprision.com\/index.php?rest_route=\/wp\/v2\/users\/2"}],"replies":[{"embeddable":true,"href":"https:\/\/formalprision.com\/index.php?rest_route=%2Fwp%2Fv2%2Fcomments&post=138858"}],"version-history":[{"count":1,"href":"https:\/\/formalprision.com\/index.php?rest_route=\/wp\/v2\/posts\/138858\/revisions"}],"predecessor-version":[{"id":138859,"href":"https:\/\/formalprision.com\/index.php?rest_route=\/wp\/v2\/posts\/138858\/revisions\/138859"}],"wp:featuredmedia":[{"embeddable":true,"href":"https:\/\/formalprision.com\/index.php?rest_route=\/wp\/v2\/media\/138860"}],"wp:attachment":[{"href":"https:\/\/formalprision.com\/index.php?rest_route=%2Fwp%2Fv2%2Fmedia&parent=138858"}],"wp:term":[{"taxonomy":"category","embeddable":true,"href":"https:\/\/formalprision.com\/index.php?rest_route=%2Fwp%2Fv2%2Fcategories&post=138858"},{"taxonomy":"post_tag","embeddable":true,"href":"https:\/\/formalprision.com\/index.php?rest_route=%2Fwp%2Fv2%2Ftags&post=138858"}],"curies":[{"name":"wp","href":"https:\/\/api.w.org\/{rel}","templated":true}]}}