{"id":138873,"date":"2026-03-06T05:38:07","date_gmt":"2026-03-06T10:38:07","guid":{"rendered":"https:\/\/formalprision.com\/?p=138873"},"modified":"2026-03-06T21:46:09","modified_gmt":"2026-03-07T02:46:09","slug":"lesionado-con-arma-de-fuego-en-kanasin","status":"publish","type":"post","link":"https:\/\/formalprision.com\/?p=138873","title":{"rendered":"Lesionado con arma de fuego en Kanas\u00edn"},"content":{"rendered":"\n<p>La Secretar\u00eda de Seguridad P\u00fablica (SSP) inform\u00f3 que, tras un reporte recibido a trav\u00e9s de la l\u00ednea de emergencias 9-1-1, se atendi\u00f3 a una persona lesionada por proyectil de arma de fuego en el fraccionamiento Encinos II, del municipio de Kanas\u00edn.<\/p>\n\n\n\n<p>De inmediato se enviaron unidades de emergencia para brindar atenci\u00f3n prehospitalaria y realizar el traslado del paciente a un centro m\u00e9dico, a fin de que recibiera atenci\u00f3n especializada.<\/p>\n\n\n\n<p>En paralelo, desde el primer momento se activ\u00f3 un operativo de b\u00fasqueda para la localizaci\u00f3n de los probables responsables. Como parte de estas acciones se realiz\u00f3 el an\u00e1lisis de videovigilancia del C5i y de c\u00e1maras particulares en la zona, lo que permiti\u00f3 la detenci\u00f3n de una persona presuntamente relacionada con el hecho.<\/p>\n\n\n\n<p>De acuerdo con informaci\u00f3n recabada en las primeras diligencias, el caso podr\u00eda estar vinculado a un conflicto personal previo; esta l\u00ednea se mantiene bajo verificaci\u00f3n por las autoridades competentes.<\/p>\n\n\n\n<p>La SSP mantiene coordinaci\u00f3n con autoridades ministeriales y municipales para el seguimiento de las diligencias correspondientes. Por tratarse de una investigaci\u00f3n en curso, no le es posible proporcionar mayores detalles para no comprometer el debido proceso.<\/p>\n","protected":false},"excerpt":{"rendered":"<p>La Secretar\u00eda de Seguridad P\u00fablica (SSP) inform\u00f3 que, tras un reporte recibido a trav\u00e9s de la l\u00ednea de emergencias 9-1-1, se atendi\u00f3 a una persona lesionada por proyectil de arma<\/p>\n","protected":false},"author":1,"featured_media":138874,"comment_status":"open","ping_status":"open","sticky":false,"template":"","format":"standard","meta":{"jetpack_post_was_ever_published":false,"_jetpack_newsletter_access":"","_jetpack_dont_email_post_to_subs":false,"_jetpack_newsletter_tier_id":0,"_jetpack_memberships_contains_paywalled_content":false,"_jetpack_memberships_contains_paid_content":false,"footnotes":"","jetpack_publicize_message":"","jetpack_publicize_feature_enabled":true,"jetpack_social_post_already_shared":true,"jetpack_social_options":{"image_generator_settings":{"template":"highway","default_image_id":0,"font":"","enabled":false},"version":2}},"categories":[54],"tags":[],"class_list":["post-138873","post","type-post","status-publish","format-standard","has-post-thumbnail","hentry","category-yucatan"],"jetpack_publicize_connections":[],"jetpack_featured_media_url":"https:\/\/formalprision.com\/wp-content\/uploads\/2026\/03\/FB_IMG_1772793414045.jpg","jetpack_sharing_enabled":true,"jetpack_shortlink":"https:\/\/wp.me\/p6id8p-A7T","_links":{"self":[{"href":"https:\/\/formalprision.com\/index.php?rest_route=\/wp\/v2\/posts\/138873","targetHints":{"allow":["GET"]}}],"collection":[{"href":"https:\/\/formalprision.com\/index.php?rest_route=\/wp\/v2\/posts"}],"about":[{"href":"https:\/\/formalprision.com\/index.php?rest_route=\/wp\/v2\/types\/post"}],"author":[{"embeddable":true,"href":"https:\/\/formalprision.com\/index.php?rest_route=\/wp\/v2\/users\/1"}],"replies":[{"embeddable":true,"href":"https:\/\/formalprision.com\/index.php?rest_route=%2Fwp%2Fv2%2Fcomments&post=138873"}],"version-history":[{"count":1,"href":"https:\/\/formalprision.com\/index.php?rest_route=\/wp\/v2\/posts\/138873\/revisions"}],"predecessor-version":[{"id":138875,"href":"https:\/\/formalprision.com\/index.php?rest_route=\/wp\/v2\/posts\/138873\/revisions\/138875"}],"wp:featuredmedia":[{"embeddable":true,"href":"https:\/\/formalprision.com\/index.php?rest_route=\/wp\/v2\/media\/138874"}],"wp:attachment":[{"href":"https:\/\/formalprision.com\/index.php?rest_route=%2Fwp%2Fv2%2Fmedia&parent=138873"}],"wp:term":[{"taxonomy":"category","embeddable":true,"href":"https:\/\/formalprision.com\/index.php?rest_route=%2Fwp%2Fv2%2Fcategories&post=138873"},{"taxonomy":"post_tag","embeddable":true,"href":"https:\/\/formalprision.com\/index.php?rest_route=%2Fwp%2Fv2%2Ftags&post=138873"}],"curies":[{"name":"wp","href":"https:\/\/api.w.org\/{rel}","templated":true}]}}