{"id":138883,"date":"2026-03-06T19:25:33","date_gmt":"2026-03-07T00:25:33","guid":{"rendered":"https:\/\/formalprision.com\/?p=138883"},"modified":"2026-03-06T19:25:33","modified_gmt":"2026-03-07T00:25:33","slug":"cecilia-patron-dialoga-con-lideres-sobre-estrategias-de-educacion-y-capacitacion-para-el-empleo","status":"publish","type":"post","link":"https:\/\/formalprision.com\/?p=138883","title":{"rendered":"Cecilia Patr\u00f3n dialoga con L\u00edderes sobre estrategias de educaci\u00f3n y capacitaci\u00f3n para el empleo"},"content":{"rendered":"\n<p>M\u00c9RIDA, Yucat\u00e1n.- Con el prop\u00f3sito de reflexionar sobre estrategias de educaci\u00f3n y capacitaci\u00f3n para un mejor desempe\u00f1o laboral que signifique prosperidad para todas y todos, la presidenta municipal de M\u00e9rida, Cecilia Patr\u00f3n Laviada, sostuvo un Di\u00e1logo entre L\u00edderes con empresarios de diversos sectores.<\/p>\n\n\n\n<p>A invitaci\u00f3n de Tecmilenio, la alcaldesa intercambi\u00f3 ideas sobre las tendencias en formaci\u00f3n del capital humano que precisan los negocios y que consideran el bienestar del empleado y el empleador para una mayor productividad.<\/p>\n\n\n\n<p>\u201cLas alianzas entre las instituciones educativas y las empresas producen los profesionales que requiere el sector econ\u00f3mico, lo que se traduce en desarrollo, m\u00e1s y mejores empleos para las y los meridianos\u201d, subray\u00f3 Cecilia.<\/p>\n\n\n\n<p>Asistieron a la reuni\u00f3n Tere Cazola Bravo, fundadora y directora general en Tere Cazola Reposter\u00eda; Emilio D\u00edaz Castellanos, presidente del Consejo de Administraci\u00f3n de Grupo DICAS; Ali Charruf Alvarez, integrante del Consejo de Administraci\u00f3n del Grupo La Anita; Mora Ruiz Hagar, fundadora de Mora de Moda; Mauricio Marcos Nader, comercial builder en Desarrollo de Negocios; Juan Manuel Ponce D\u00edaz, presidente del Consejo de Administraci\u00f3n de Bepensa y CEO de Vive Peninsular; Alan Abreu Garc\u00eda, socio y CEO de Vetfriend; Manuel Calc\u00e1neo Gutierrez, director de la Empresa Regional Sureste, y Flora Zapata Mendiolea, coordinadora general de Justicia Social y Desarrollo Humano del Ayuntamiento de M\u00e9rida.<\/p>\n\n\n\n<p>Como anfitriones por Tecmilenio estuvieron Bruno Zepeda Blouin, rector; Julio Pe\u00f1a Gaviria, vicerrector de Educaci\u00f3n Abierta y Organizaciones; Rosalinda Ballesteros Vald\u00e9s, directora del Instituto de Prop\u00f3sito y Bienestar Integral; Esperanza Garza Salgado, directora general del Campus M\u00e9rida, y Roc\u00edo Marfil, colaboradora.<\/p>\n","protected":false},"excerpt":{"rendered":"<p>M\u00c9RIDA, Yucat\u00e1n.- Con el prop\u00f3sito de reflexionar sobre estrategias de educaci\u00f3n y capacitaci\u00f3n para un mejor desempe\u00f1o laboral que signifique prosperidad para todas y todos, la presidenta municipal de M\u00e9rida,<\/p>\n","protected":false},"author":2,"featured_media":138885,"comment_status":"open","ping_status":"open","sticky":false,"template":"","format":"standard","meta":{"jetpack_post_was_ever_published":false,"_jetpack_newsletter_access":"","_jetpack_dont_email_post_to_subs":false,"_jetpack_newsletter_tier_id":0,"_jetpack_memberships_contains_paywalled_content":false,"_jetpack_memberships_contains_paid_content":false,"footnotes":"","jetpack_publicize_message":"","jetpack_publicize_feature_enabled":true,"jetpack_social_post_already_shared":true,"jetpack_social_options":{"image_generator_settings":{"template":"highway","default_image_id":0,"font":"","enabled":false},"version":2}},"categories":[14],"tags":[],"class_list":["post-138883","post","type-post","status-publish","format-standard","has-post-thumbnail","hentry","category-merida"],"jetpack_publicize_connections":[],"jetpack_featured_media_url":"https:\/\/formalprision.com\/wp-content\/uploads\/2026\/03\/WhatsApp-Image-2026-03-06-at-2.40.03-PM.jpeg","jetpack_sharing_enabled":true,"jetpack_shortlink":"https:\/\/wp.me\/p6id8p-A83","_links":{"self":[{"href":"https:\/\/formalprision.com\/index.php?rest_route=\/wp\/v2\/posts\/138883","targetHints":{"allow":["GET"]}}],"collection":[{"href":"https:\/\/formalprision.com\/index.php?rest_route=\/wp\/v2\/posts"}],"about":[{"href":"https:\/\/formalprision.com\/index.php?rest_route=\/wp\/v2\/types\/post"}],"author":[{"embeddable":true,"href":"https:\/\/formalprision.com\/index.php?rest_route=\/wp\/v2\/users\/2"}],"replies":[{"embeddable":true,"href":"https:\/\/formalprision.com\/index.php?rest_route=%2Fwp%2Fv2%2Fcomments&post=138883"}],"version-history":[{"count":1,"href":"https:\/\/formalprision.com\/index.php?rest_route=\/wp\/v2\/posts\/138883\/revisions"}],"predecessor-version":[{"id":138884,"href":"https:\/\/formalprision.com\/index.php?rest_route=\/wp\/v2\/posts\/138883\/revisions\/138884"}],"wp:featuredmedia":[{"embeddable":true,"href":"https:\/\/formalprision.com\/index.php?rest_route=\/wp\/v2\/media\/138885"}],"wp:attachment":[{"href":"https:\/\/formalprision.com\/index.php?rest_route=%2Fwp%2Fv2%2Fmedia&parent=138883"}],"wp:term":[{"taxonomy":"category","embeddable":true,"href":"https:\/\/formalprision.com\/index.php?rest_route=%2Fwp%2Fv2%2Fcategories&post=138883"},{"taxonomy":"post_tag","embeddable":true,"href":"https:\/\/formalprision.com\/index.php?rest_route=%2Fwp%2Fv2%2Ftags&post=138883"}],"curies":[{"name":"wp","href":"https:\/\/api.w.org\/{rel}","templated":true}]}}