{"id":138890,"date":"2026-03-06T20:31:30","date_gmt":"2026-03-07T01:31:30","guid":{"rendered":"https:\/\/formalprision.com\/?p=138890"},"modified":"2026-03-07T20:37:28","modified_gmt":"2026-03-08T01:37:28","slug":"acercamos-servicios-de-salud-gratuitos-para-fortalecer-la-economia-familiar-cecilia-patron","status":"publish","type":"post","link":"https:\/\/formalprision.com\/?p=138890","title":{"rendered":"Acercamos servicios de salud gratuitos para fortalecer la econom\u00eda familiar: Cecilia Patr\u00f3n"},"content":{"rendered":"\n<p>M\u00c9RIDA, Yucat\u00e1n.- El Ayuntamiento de M\u00e9rida contin\u00faa fortaleciendo la atenci\u00f3n a la salud de las familias meridanas con la entrega de los trabajos de rehabilitaci\u00f3n del M\u00f3dulo M\u00e9dico Mulsay, un espacio que forma parte de la Red de M\u00f3dulos M\u00e9dicos municipales y que beneficiar\u00e1 directamente a m\u00e1s de 20 mil habitantes del poniente de la ciudad.<\/p>\n\n\n\n<p>Durante la entrega, la presidenta municipal Cecilia Patr\u00f3n Laviada destac\u00f3 que acercar servicios de salud accesibles y de calidad a las colonias es una prioridad de su administraci\u00f3n, ya que representa un apoyo directo a la econom\u00eda familiar y al bienestar de la comunidad.<\/p>\n\n\n\n<p>\u201cNos llena de alegr\u00eda regresar a este M\u00f3dulo M\u00e9dico Mulsay con buenas noticias, con hechos y con resultados y entregarles los trabajos de rehabilitaci\u00f3n de este espacio que es suyo, un lugar pensado para cuidarlos, protegerlos y acompa\u00f1arlos en algo tan importante como es la salud\u201d, expres\u00f3 la alcaldesa ante vecinas y vecinos de la zona.<\/p>\n\n\n\n<p>El m\u00f3dulo ofrece servicios de medicina general, odontolog\u00eda y atenci\u00f3n de enfermer\u00eda en un horario de lunes a viernes de 8 de la ma\u00f1ana a 8 de la noche, con el objetivo de que las familias puedan acudir de manera accesible y cercana para atender sus necesidades de salud.<\/p>\n\n\n\n<p>Adem\u00e1s, como parte del fortalecimiento de la atenci\u00f3n integral, el espacio incorpora atenci\u00f3n psicol\u00f3gica y la implementaci\u00f3n de grupos de autoayuda que funcionar\u00e1n de 8 de la ma\u00f1ana a 2 de la tarde, impulsando el cuidado de la salud mental entre los habitantes de la comunidad.<\/p>\n\n\n\n<figure class=\"wp-block-image size-full\"><a href=\"http:\/\/formalprision.com\/wp-content\/uploads\/2026\/03\/WhatsApp-Image-2026-03-06-at-5.48.44-PM.jpeg\"><img loading=\"lazy\" decoding=\"async\" width=\"900\" height=\"599\" src=\"http:\/\/formalprision.com\/wp-content\/uploads\/2026\/03\/WhatsApp-Image-2026-03-06-at-5.48.44-PM.jpeg\" alt=\"\" class=\"wp-image-138892\" srcset=\"https:\/\/formalprision.com\/wp-content\/uploads\/2026\/03\/WhatsApp-Image-2026-03-06-at-5.48.44-PM.jpeg 900w, https:\/\/formalprision.com\/wp-content\/uploads\/2026\/03\/WhatsApp-Image-2026-03-06-at-5.48.44-PM-300x200.jpeg 300w, https:\/\/formalprision.com\/wp-content\/uploads\/2026\/03\/WhatsApp-Image-2026-03-06-at-5.48.44-PM-768x511.jpeg 768w\" sizes=\"auto, (max-width: 900px) 100vw, 900px\" \/><\/a><\/figure>\n\n\n\n<p>Los servicios que se brindan en el m\u00f3dulo cuentan con costos accesibles que van de los 15 a los 40 pesos en consultas de medicina, odontolog\u00eda, enfermer\u00eda y atenci\u00f3n psicol\u00f3gica, adem\u00e1s de que son completamente gratuitos para menores de 12 a\u00f1os, personas mayores de 60, personas con discapacidad y familias en situaci\u00f3n vulnerable.<\/p>\n\n\n\n<p>Finalmente, Cecilia Patr\u00f3n reiter\u00f3 que la rehabilitaci\u00f3n de este m\u00f3dulo y las acciones permanentes que se realizan en M\u00e9rida son resultado de la cercan\u00eda con la comunidad, de la escucha a las y los vecinos sobre los servicios que requieren para mejorar su calidad de vida de forma m\u00e1s sana, humana y solidaria.<\/p>\n\n\n\n<p>Por su parte, el director de Bienestar Humano, Jes\u00fas P\u00e9rez Ballote, comparti\u00f3 que con estos costos accesibles y con servicios gratuitos para quienes m\u00e1s lo necesitan, M\u00e9rida cree firmemente que la salud no es un privilegio, es un derecho en la que como gobierno municipal debemos garantizar o brindar oportunidades de un mejor bienestar a todos.<\/p>\n\n\n\n<p>P\u00e9rez Ballote inform\u00f3 que el M\u00f3dulo M\u00e9dico Mulsay forma parte de la Red de M\u00f3dulos M\u00e9dicos de la Subdirecci\u00f3n de Salud del Ayuntamiento de M\u00e9rida, que actualmente suma 19 espacios distribuidos en diferentes colonias de la ciudad, con el objetivo de acercar servicios integrales de salud a la poblaci\u00f3n.<\/p>\n\n\n\n<p>\u201cEste centro brinda atenci\u00f3n a habitantes de colonias cercanas como Xocl\u00e1n Rejas, Xocl\u00e1n Santos, Mulsay, Nueva Mulsay I y II, Jardines de Mulsay I, II y III y Francisco I. Madero, beneficiando de manera directa a 20 mil 500 personas que ahora contar\u00e1n con servicios m\u00e9dicos cercanos y accesibles\u201d, agreg\u00f3.<\/p>\n\n\n\n<p>El director de Bienestar Humano record\u00f3 que este m\u00f3dulo iba a ser operado por una asociaci\u00f3n civil en beneficio de los vecinos de la zona, sin embargo, los tiempos para ponerlo en marcha no eran \u00f3ptimos, tomando en cuenta que la atenci\u00f3n a los ciudadanos no puede esperar. Por ello, de com\u00fan acuerdo, el Ayuntamiento retom\u00f3 este m\u00f3dulo y hoy se est\u00e1 entregando en mejores condiciones para la atenci\u00f3n de la salud de las y los ciudadanos.<\/p>\n\n\n\n<p>El Ayuntamiento de M\u00e9rida est\u00e1 buscando permanentemente la mejor\u00eda en los servicios que brindamos.<\/p>\n\n\n\n<p>En materia de atenci\u00f3n m\u00e9dica, el Ayuntamiento ha otorgado m\u00e1s de 48 mil atenciones en m\u00f3dulos y mediante el programa M\u00e9dico a Domicilio, adem\u00e1s de 20 mil 252 consultas de odontolog\u00eda y la realizaci\u00f3n de ferias de la salud en colonias y comisar\u00edas para acercar servicios preventivos a la poblaci\u00f3n.<\/p>\n\n\n\n<p>Asimismo la administraci\u00f3n municipal mantiene acciones permanentes para el cuidado de la salud de las mujeres, con m\u00e1s de 22 mil consultas en m\u00f3dulos, 2 mil 668 mastograf\u00edas, 843 ultrasonidos y m\u00e1s de 5 mil detecciones oportunas de c\u00e1ncer de mama realizadas a trav\u00e9s de los servicios municipales.<\/p>\n\n\n\n<p>En cuanto a la atenci\u00f3n de la salud mental, el Ayuntamiento ha brindado acompa\u00f1amiento a m\u00e1s de 12 mil personas en los centros Ama Nova ubicados en los cuatro puntos cardinales de la ciudad, reforzando la prevenci\u00f3n, orientaci\u00f3n y apoyo psicol\u00f3gico para fortalecer el bienestar emocional de la ciudadan\u00eda.<\/p>\n\n\n\n<p>Tambi\u00e9n asistieron a la reapertura Flora Zapata Mendiolea, coordinadora general de Justicia Social y Desarrollo Humano, y el Dr. Alfonso \u00c1vila Avil\u00e9s, subdirector de Salud.<\/p>\n\n\n\n<p>M\u00e1s informaci\u00f3n sobre los programas y servicios en merida.gob.mx\/bienestar<\/p>\n","protected":false},"excerpt":{"rendered":"<p>M\u00c9RIDA, Yucat\u00e1n.- El Ayuntamiento de M\u00e9rida contin\u00faa fortaleciendo la atenci\u00f3n a la salud de las familias meridanas con la entrega de los trabajos de rehabilitaci\u00f3n del M\u00f3dulo M\u00e9dico Mulsay, un<\/p>\n","protected":false},"author":2,"featured_media":138893,"comment_status":"open","ping_status":"open","sticky":false,"template":"","format":"standard","meta":{"jetpack_post_was_ever_published":false,"_jetpack_newsletter_access":"","_jetpack_dont_email_post_to_subs":false,"_jetpack_newsletter_tier_id":0,"_jetpack_memberships_contains_paywalled_content":false,"_jetpack_memberships_contains_paid_content":false,"footnotes":"","jetpack_publicize_message":"","jetpack_publicize_feature_enabled":true,"jetpack_social_post_already_shared":true,"jetpack_social_options":{"image_generator_settings":{"template":"highway","default_image_id":0,"font":"","enabled":false},"version":2}},"categories":[54],"tags":[],"class_list":["post-138890","post","type-post","status-publish","format-standard","has-post-thumbnail","hentry","category-yucatan"],"jetpack_publicize_connections":[],"jetpack_featured_media_url":"https:\/\/formalprision.com\/wp-content\/uploads\/2026\/03\/WhatsApp-Image-2026-03-06-at-5.48.28-PM.jpeg","jetpack_sharing_enabled":true,"jetpack_shortlink":"https:\/\/wp.me\/p6id8p-A8a","_links":{"self":[{"href":"https:\/\/formalprision.com\/index.php?rest_route=\/wp\/v2\/posts\/138890","targetHints":{"allow":["GET"]}}],"collection":[{"href":"https:\/\/formalprision.com\/index.php?rest_route=\/wp\/v2\/posts"}],"about":[{"href":"https:\/\/formalprision.com\/index.php?rest_route=\/wp\/v2\/types\/post"}],"author":[{"embeddable":true,"href":"https:\/\/formalprision.com\/index.php?rest_route=\/wp\/v2\/users\/2"}],"replies":[{"embeddable":true,"href":"https:\/\/formalprision.com\/index.php?rest_route=%2Fwp%2Fv2%2Fcomments&post=138890"}],"version-history":[{"count":2,"href":"https:\/\/formalprision.com\/index.php?rest_route=\/wp\/v2\/posts\/138890\/revisions"}],"predecessor-version":[{"id":138894,"href":"https:\/\/formalprision.com\/index.php?rest_route=\/wp\/v2\/posts\/138890\/revisions\/138894"}],"wp:featuredmedia":[{"embeddable":true,"href":"https:\/\/formalprision.com\/index.php?rest_route=\/wp\/v2\/media\/138893"}],"wp:attachment":[{"href":"https:\/\/formalprision.com\/index.php?rest_route=%2Fwp%2Fv2%2Fmedia&parent=138890"}],"wp:term":[{"taxonomy":"category","embeddable":true,"href":"https:\/\/formalprision.com\/index.php?rest_route=%2Fwp%2Fv2%2Fcategories&post=138890"},{"taxonomy":"post_tag","embeddable":true,"href":"https:\/\/formalprision.com\/index.php?rest_route=%2Fwp%2Fv2%2Ftags&post=138890"}],"curies":[{"name":"wp","href":"https:\/\/api.w.org\/{rel}","templated":true}]}}