{"id":138895,"date":"2026-03-06T21:07:54","date_gmt":"2026-03-07T02:07:54","guid":{"rendered":"https:\/\/formalprision.com\/?p=138895"},"modified":"2026-03-07T20:36:56","modified_gmt":"2026-03-08T01:36:56","slug":"incendio-en-puerto-escondido-consume-decenas-de-negocios","status":"publish","type":"post","link":"https:\/\/formalprision.com\/?p=138895","title":{"rendered":"Incendio en Puerto Escondido consume decenas de negocios"},"content":{"rendered":"\n<p>Un fuerte incendio en la zona tur\u00edstica de Punta Zicatela, en Puerto Escondido, Oaxaca, dej\u00f3 severos da\u00f1os materiales tras consumir decenas de establecimientos comerciales, entre restaurantes, bares y locales de servicios, sin reportes de personas heridas.<\/p>\n\n\n\n<p>El gobernador de Oaxaca, Salom\u00f3n Jara, inform\u00f3 que el siniestro fue controlado por los cuerpos de auxilio y que ninguna persona result\u00f3 lesionada.<\/p>\n\n\n\n<p>\u201cNuestro gobierno mantiene el acompa\u00f1amiento y el respaldo a comerciantes y prestadores de servicios tur\u00edsticos que se vieron afectados tras el lamentable incendio de este viernes\u201d, asegur\u00f3 Jara en un mensaje en X.<\/p>\n\n\n\n<p>Seg\u00fan los primeros reportes, alrededor de 70 establecimientos tur\u00edsticos fueron destruidos o gravemente da\u00f1ados, luego de que las llamas se propagaron r\u00e1pidamente entre palapas, restaurantes, caba\u00f1as y locales hechos en gran parte de madera y palma.<\/p>\n\n\n\n<p>La Fiscal\u00eda General del Estado de Oaxaca inform\u00f3 que ya se iniciaron las investigaciones correspondientes para determinar las causas del siniestro.<\/p>\n\n\n\n<p>Los primeros peritajes se\u00f1alan que el incendio pudo haberse originado por una posible falla en la instalaci\u00f3n el\u00e9ctrica de uno de los locales, lo cual sigue en proceso de investigaci\u00f3n, precis\u00f3 la dependencia.<\/p>\n\n\n\n<p>\u201cLos trabajos periciales realizados en el lugar, establecen que no se han identificado indicios de aceleradores, combustibles ni de alguna sustancia que sugiera que el incendio haya sido provocado\u201d, puntualiz\u00f3 la fiscal\u00eda.<\/p>\n\n\n\n<p>Las autoridades a\u00fan no han informado sobre las p\u00e9rdidas econ\u00f3micas por el siniestro, luego de que muchos negocios quedaran en p\u00e9rdida total, seg\u00fan reportes de medios locales.<\/p>\n\n\n\n<p>Se estima que alrededor de 200 trabajadores dependen de esos comercios, ubicados en la zona tur\u00edstica de Puerto Escondido, uno de los destinos m\u00e1s visitados de la costa de Oaxaca.<\/p>\n","protected":false},"excerpt":{"rendered":"<p>Un fuerte incendio en la zona tur\u00edstica de Punta Zicatela, en Puerto Escondido, Oaxaca, dej\u00f3 severos da\u00f1os materiales tras consumir decenas de establecimientos comerciales, entre restaurantes, bares y locales de<\/p>\n","protected":false},"author":2,"featured_media":138897,"comment_status":"open","ping_status":"open","sticky":false,"template":"","format":"standard","meta":{"jetpack_post_was_ever_published":false,"_jetpack_newsletter_access":"","_jetpack_dont_email_post_to_subs":false,"_jetpack_newsletter_tier_id":0,"_jetpack_memberships_contains_paywalled_content":false,"_jetpack_memberships_contains_paid_content":false,"footnotes":"","jetpack_publicize_message":"","jetpack_publicize_feature_enabled":true,"jetpack_social_post_already_shared":true,"jetpack_social_options":{"image_generator_settings":{"template":"highway","default_image_id":0,"font":"","enabled":false},"version":2}},"categories":[23],"tags":[],"class_list":["post-138895","post","type-post","status-publish","format-standard","has-post-thumbnail","hentry","category-del-mundo"],"jetpack_publicize_connections":[],"jetpack_featured_media_url":"https:\/\/formalprision.com\/wp-content\/uploads\/2026\/03\/escondido.jpg","jetpack_sharing_enabled":true,"jetpack_shortlink":"https:\/\/wp.me\/p6id8p-A8f","_links":{"self":[{"href":"https:\/\/formalprision.com\/index.php?rest_route=\/wp\/v2\/posts\/138895","targetHints":{"allow":["GET"]}}],"collection":[{"href":"https:\/\/formalprision.com\/index.php?rest_route=\/wp\/v2\/posts"}],"about":[{"href":"https:\/\/formalprision.com\/index.php?rest_route=\/wp\/v2\/types\/post"}],"author":[{"embeddable":true,"href":"https:\/\/formalprision.com\/index.php?rest_route=\/wp\/v2\/users\/2"}],"replies":[{"embeddable":true,"href":"https:\/\/formalprision.com\/index.php?rest_route=%2Fwp%2Fv2%2Fcomments&post=138895"}],"version-history":[{"count":1,"href":"https:\/\/formalprision.com\/index.php?rest_route=\/wp\/v2\/posts\/138895\/revisions"}],"predecessor-version":[{"id":138896,"href":"https:\/\/formalprision.com\/index.php?rest_route=\/wp\/v2\/posts\/138895\/revisions\/138896"}],"wp:featuredmedia":[{"embeddable":true,"href":"https:\/\/formalprision.com\/index.php?rest_route=\/wp\/v2\/media\/138897"}],"wp:attachment":[{"href":"https:\/\/formalprision.com\/index.php?rest_route=%2Fwp%2Fv2%2Fmedia&parent=138895"}],"wp:term":[{"taxonomy":"category","embeddable":true,"href":"https:\/\/formalprision.com\/index.php?rest_route=%2Fwp%2Fv2%2Fcategories&post=138895"},{"taxonomy":"post_tag","embeddable":true,"href":"https:\/\/formalprision.com\/index.php?rest_route=%2Fwp%2Fv2%2Ftags&post=138895"}],"curies":[{"name":"wp","href":"https:\/\/api.w.org\/{rel}","templated":true}]}}