{"id":138916,"date":"2026-03-07T21:00:08","date_gmt":"2026-03-08T02:00:08","guid":{"rendered":"https:\/\/formalprision.com\/?p=138916"},"modified":"2026-03-09T08:43:33","modified_gmt":"2026-03-09T13:43:33","slug":"cecilia-patron-apoya-a-una-alumna-de-ingenieria-quimica-de-la-uady-para-estudiar-en-espana","status":"publish","type":"post","link":"https:\/\/formalprision.com\/?p=138916","title":{"rendered":"Cecilia Patr\u00f3n apoya a una alumna de Ingenier\u00eda Qu\u00edmica de la Uady para estudiar en Espa\u00f1a"},"content":{"rendered":"\n<p>M\u00c9RIDA, Yucat\u00e1n.- Como parte de las acciones para abrir m\u00e1s oportunidades a las juventudes y apoyar a quienes buscan salir adelante a trav\u00e9s de la educaci\u00f3n, el Ayuntamiento de M\u00e9rida que encabeza la presidenta municipal Cecilia Patr\u00f3n Laviada brind\u00f3 un apoyo a la joven estudiante Sunny Monserrat Pimentel Freire, de la Facultad de Ingenier\u00eda Qu\u00edmica de la Universidad Aut\u00f3noma de Yucat\u00e1n, para realizar una estancia educativa en Espa\u00f1a.<\/p>\n\n\n\n<p>La estudiante cursar\u00e1 un grado en Ciencia y Tecnolog\u00eda de los Alimentos en la Universidad de Castilla-La Mancha, en Ciudad Real, Espa\u00f1a, programa que se imparte en la Facultad de Ciencias y Tecnolog\u00edas Qu\u00edmicas y cuenta con un reconocido sello europeo de calidad en formaci\u00f3n del \u00e1rea alimentaria.<\/p>\n\n\n\n<p>Arturo Le\u00f3n Itz\u00e1, director de Desarrollo Social y Combate a la Pobreza, destac\u00f3 que este tipo de apoyos forman parte de la visi\u00f3n del Ayuntamiento de M\u00e9rida de generar m\u00e1s oportunidades para las juventudes y apoyar a quienes quieren prepararse profesionalmente.<\/p>\n\n\n\n<p>\u201cPara la alcaldesa Cecilia Patr\u00f3n es muy importante que las mujeres j\u00f3venes puedan seguir prepar\u00e1ndose. Cuando una estudiante tiene la oportunidad de estudiar, viajar y aprender m\u00e1s, tambi\u00e9n se abren nuevas posibilidades para su familia y su comunidad\u201d, se\u00f1al\u00f3.<\/p>\n\n\n\n<p>Arturo Le\u00f3n explic\u00f3 que estas acciones tambi\u00e9n se impulsan a trav\u00e9s del programa M\u00e9rida Joven, una estrategia del Ayuntamiento que promueve el desarrollo de las juventudes mediante apoyos educativos, talleres de capacitaci\u00f3n, impulso al emprendimiento, orientaci\u00f3n y actividades que fortalecen su formaci\u00f3n personal y profesional.<\/p>\n\n\n\n<p>\u201cA trav\u00e9s de M\u00e9rida Joven buscamos que las y los j\u00f3venes encuentren espacios para aprender, emprender y prepararse mejor. Queremos que tengan herramientas para salir adelante y que su talento encuentre oportunidades aqu\u00ed en M\u00e9rida\u201d, se\u00f1al\u00f3.<\/p>\n\n\n\n<p>Agreg\u00f3 que desde el Ayuntamiento se busca que ninguna persona se quede atr\u00e1s por falta de recursos.<\/p>\n\n\n\n<p>\u201cSabemos que muchas familias hacen un gran esfuerzo para que sus hijas e hijos estudien. Adem\u00e1s, hay juventudes con mucho talento que s\u00f3lo necesitan un impulso para seguir avanzando. Por eso tratamos de apoyar esos sue\u00f1os para que ninguna joven o joven se quede sin estudiar por falta de recursos\u201d, indic\u00f3.<\/p>\n\n\n\n<p>La estancia acad\u00e9mica permitir\u00e1 a la estudiante fortalecer sus competencias t\u00e9cnicas y cient\u00edficas en el \u00e1rea de procesamiento de alimentos, un sector clave para el desarrollo agroalimentario y la innovaci\u00f3n tecnol\u00f3gica.<\/p>\n\n\n\n<p>Apoyar la preparaci\u00f3n acad\u00e9mica de las mujeres tambi\u00e9n contribuye a que m\u00e1s j\u00f3venes alcancen independencia econ\u00f3mica y mejores condiciones de vida para ellas y sus familias.<\/p>\n\n\n\n<p>Adem\u00e1s, mujeres que logran metas acad\u00e9micas y profesionales se convierten en ejemplo para otras ni\u00f1as y j\u00f3venes, demostrando que es posible aspirar a carreras cient\u00edficas, tecnol\u00f3gicas y de liderazgo.<\/p>\n\n\n\n<p>Con acciones como esta, el Ayuntamiento de M\u00e9rida contin\u00faa impulsando iniciativas que respaldan el talento joven, generan m\u00e1s oportunidades y ayudan a que m\u00e1s familias puedan construir un mejor futuro.<\/p>\n\n\n\n<p>Para mayores informes sobre los programas sociales, la ciudadan\u00eda puede acudir a las ventanillas de la Direcci\u00f3n de Desarrollo Social y Combate a la Pobreza, ubicadas en C. 65 No. 368 Int. x 40 y 42, Col. Centro, o comunicarse a los tel\u00e9fonos (999) 924 6900 y (999) 924 6962, ext. 81750, de lunes a viernes de 8:00 a.m. a 3:00 p.m.<\/p>\n","protected":false},"excerpt":{"rendered":"<p>M\u00c9RIDA, Yucat\u00e1n.- Como parte de las acciones para abrir m\u00e1s oportunidades a las juventudes y apoyar a quienes buscan salir adelante a trav\u00e9s de la educaci\u00f3n, el Ayuntamiento de M\u00e9rida<\/p>\n","protected":false},"author":2,"featured_media":138918,"comment_status":"open","ping_status":"open","sticky":false,"template":"","format":"standard","meta":{"jetpack_post_was_ever_published":false,"_jetpack_newsletter_access":"","_jetpack_dont_email_post_to_subs":false,"_jetpack_newsletter_tier_id":0,"_jetpack_memberships_contains_paywalled_content":false,"_jetpack_memberships_contains_paid_content":false,"footnotes":"","jetpack_publicize_message":"","jetpack_publicize_feature_enabled":true,"jetpack_social_post_already_shared":true,"jetpack_social_options":{"image_generator_settings":{"template":"highway","default_image_id":0,"font":"","enabled":false},"version":2}},"categories":[14],"tags":[],"class_list":["post-138916","post","type-post","status-publish","format-standard","has-post-thumbnail","hentry","category-merida"],"jetpack_publicize_connections":[],"jetpack_featured_media_url":"https:\/\/formalprision.com\/wp-content\/uploads\/2026\/03\/WhatsApp-Image-2026-03-07-at-6.07.01-PM.jpeg","jetpack_sharing_enabled":true,"jetpack_shortlink":"https:\/\/wp.me\/p6id8p-A8A","_links":{"self":[{"href":"https:\/\/formalprision.com\/index.php?rest_route=\/wp\/v2\/posts\/138916","targetHints":{"allow":["GET"]}}],"collection":[{"href":"https:\/\/formalprision.com\/index.php?rest_route=\/wp\/v2\/posts"}],"about":[{"href":"https:\/\/formalprision.com\/index.php?rest_route=\/wp\/v2\/types\/post"}],"author":[{"embeddable":true,"href":"https:\/\/formalprision.com\/index.php?rest_route=\/wp\/v2\/users\/2"}],"replies":[{"embeddable":true,"href":"https:\/\/formalprision.com\/index.php?rest_route=%2Fwp%2Fv2%2Fcomments&post=138916"}],"version-history":[{"count":1,"href":"https:\/\/formalprision.com\/index.php?rest_route=\/wp\/v2\/posts\/138916\/revisions"}],"predecessor-version":[{"id":138917,"href":"https:\/\/formalprision.com\/index.php?rest_route=\/wp\/v2\/posts\/138916\/revisions\/138917"}],"wp:featuredmedia":[{"embeddable":true,"href":"https:\/\/formalprision.com\/index.php?rest_route=\/wp\/v2\/media\/138918"}],"wp:attachment":[{"href":"https:\/\/formalprision.com\/index.php?rest_route=%2Fwp%2Fv2%2Fmedia&parent=138916"}],"wp:term":[{"taxonomy":"category","embeddable":true,"href":"https:\/\/formalprision.com\/index.php?rest_route=%2Fwp%2Fv2%2Fcategories&post=138916"},{"taxonomy":"post_tag","embeddable":true,"href":"https:\/\/formalprision.com\/index.php?rest_route=%2Fwp%2Fv2%2Ftags&post=138916"}],"curies":[{"name":"wp","href":"https:\/\/api.w.org\/{rel}","templated":true}]}}