{"id":138919,"date":"2026-03-07T23:21:07","date_gmt":"2026-03-08T04:21:07","guid":{"rendered":"https:\/\/formalprision.com\/?p=138919"},"modified":"2026-03-09T08:43:16","modified_gmt":"2026-03-09T13:43:16","slug":"salvador-cabanas-sale-del-closet-vive-con-un-hombre-10-anos-menor","status":"publish","type":"post","link":"https:\/\/formalprision.com\/?p=138919","title":{"rendered":"Salvador Caba\u00f1as sale del cl\u00f3set: vive con un hombre 10 a\u00f1os menor"},"content":{"rendered":"\n<p>A sus 45 a\u00f1os tras a\u00f1os de silencio y evitando preguntas sobre su vida privada, Salvador Caba\u00f1as finalmente habl\u00f3\u2026 revelando algo que sus fans nunca esperaron. Una sorprendente confesi\u00f3n sobre su pareja, 10 a\u00f1os menor que \u00e9l y a\u00fan m\u00e1s importante, la revelaci\u00f3n p\u00fablica de su larga relaci\u00f3n, LGBT. Ni un esc\u00e1ndalo ni un rumor infundado.<\/p>\n\n\n\n<p>Esta es una historia real y conmovedora de alguien que enfrent\u00f3 las tragedias de la vida. Finalmente encontr\u00f3 la felicidad y la paz. \u00bfQu\u00e9 impuls\u00f3 a Caba\u00f1as a decidir salir a la luz en ese momento? \u00bfY qu\u00e9 camino lo llev\u00f3 al momento de atreverse a decir, \u00abNos casamos?\u00bb A los 45 a\u00f1os, Salvador Caba\u00f1as decidi\u00f3 hacer algo que nunca hab\u00eda tenido el valor de hacer antes hablar con absoluta honestidad sobre su vida sentimental.<\/p>\n\n\n\n<p>Durante a\u00f1os hab\u00eda mantenido silencio esquivando rumores y evitando cualquier comentario que pudiera revelar demasiado. Para el mundo, \u00e9l segu\u00eda siendo aquel futbolista marcado por una tragedia que casi le arrebata la vida. Un hombre fuerte, reservado y acostumbrado a convivir con la expectativa p\u00fablica. Sin embargo, detr\u00e1s de esa imagen exist\u00eda una verdad que llevaba demasiado tiempo escondida, una verdad que finalmente estaba dispuesto a compartir.<\/p>\n\n\n\n<p>El d\u00eda que lo revel\u00f3, Salvador apareci\u00f3 tranquilo, casi aliviado, como si hubiera tomado una decisi\u00f3n largamente postergada. Frente a un grupo reducido de periodistas, comenz\u00f3 diciendo que por fin se sent\u00eda preparado para hablar desde el coraz\u00f3n y entonces solt\u00f3 la frase que cambiar\u00eda todo. Llevaba 10 a\u00f1os compartiendo su vida con una persona muy especial, alguien que estuvo a su lado en sus momentos m\u00e1s dolorosos, sin buscar protagonismo ni reconocimiento.<\/p>\n\n\n\n<p>A esa persona la llam\u00f3 mi compa\u00f1ero y al pronunciar esas palabras, el ambiente se volvi\u00f3 completamente silencioso. Con voz firme, Caba\u00f1as explic\u00f3 que su pareja era un hombre 10 a\u00f1os menor. No lo dijo con duda ni con verg\u00fcenza, sino con una serenidad que sorprendi\u00f3 a quienes lo escuchaban. Cont\u00f3 que su silencio no se deb\u00eda a la falta de amor, sino al miedo.<\/p>\n\n\n\n<p>Despu\u00e9s de su accidente, sent\u00eda que el mundo esperaba de \u00e9l una imagen de fortaleza casi heroica. Y confesar algo tan \u00edntimo le parec\u00eda un riesgo emocional que no estaba listo para asumir. Tem\u00eda ser juzgado incomprendido o utilizado como bandera en debates en los que no deseaba entrar, pero al mismo tiempo sab\u00eda que callar tambi\u00e9n lo estaba alejando de su propia paz.<\/p>\n\n\n\n<p>Record\u00f3 los primeros a\u00f1os despu\u00e9s del incidente que transform\u00f3 su vida. Fueron tiempos de incertidumbre, noches interminables y una sensaci\u00f3n de fragilidad que jam\u00e1s hab\u00eda conocido. Mientras intentaba reconstruirse f\u00edsica y emocionalmente, apareci\u00f3 la persona que m\u00e1s tarde se convertir\u00eda en el amor de su vida.<\/p>\n\n\n\n<p>No lleg\u00f3 con grandes gestos, sino con una presencia paciente, constante y profundamente humana. Esa compa\u00f1\u00eda silenciosa comenz\u00f3 a llenar espacios vac\u00edos que Salvador cre\u00eda imposibles de sanar. Lo m\u00e1s dif\u00edcil, confes\u00f3, no fue enamorarse, sino aceptar que ten\u00eda derecho a hacerlo. Durante mucho tiempo se debati\u00f3 entre el deseo de vivir su amor con libertad y la presi\u00f3n de seguir encajando en las expectativas que otros hab\u00edan impuesto sobre \u00e9l.<\/p>\n\n\n\n<p>Se preguntaba si la gente lo ver\u00eda diferente, si perder\u00eda el respeto que hab\u00eda ganado o si su historia ser\u00eda reducida a un titular sensacionalista. Pero todas esas dudas comenzaron a desvanecerse gracias a una pregunta sencilla que su pareja le hizo una noche. \u00bfCu\u00e1nto tiempo m\u00e1s vas a vivir escondi\u00e9ndote? Esa frase lo golpe\u00f3 profundamente.<\/p>\n","protected":false},"excerpt":{"rendered":"<p>A sus 45 a\u00f1os tras a\u00f1os de silencio y evitando preguntas sobre su vida privada, Salvador Caba\u00f1as finalmente habl\u00f3\u2026 revelando algo que sus fans nunca esperaron. Una sorprendente confesi\u00f3n sobre<\/p>\n","protected":false},"author":2,"featured_media":138921,"comment_status":"open","ping_status":"open","sticky":false,"template":"","format":"standard","meta":{"jetpack_post_was_ever_published":false,"_jetpack_newsletter_access":"","_jetpack_dont_email_post_to_subs":false,"_jetpack_newsletter_tier_id":0,"_jetpack_memberships_contains_paywalled_content":false,"_jetpack_memberships_contains_paid_content":false,"footnotes":"","jetpack_publicize_message":"","jetpack_publicize_feature_enabled":true,"jetpack_social_post_already_shared":true,"jetpack_social_options":{"image_generator_settings":{"template":"highway","default_image_id":0,"font":"","enabled":false},"version":2}},"categories":[23,4],"tags":[],"class_list":["post-138919","post","type-post","status-publish","format-standard","has-post-thumbnail","hentry","category-del-mundo","category-deportes"],"jetpack_publicize_connections":[],"jetpack_featured_media_url":"https:\/\/formalprision.com\/wp-content\/uploads\/2026\/03\/caba.jpg","jetpack_sharing_enabled":true,"jetpack_shortlink":"https:\/\/wp.me\/p6id8p-A8D","_links":{"self":[{"href":"https:\/\/formalprision.com\/index.php?rest_route=\/wp\/v2\/posts\/138919","targetHints":{"allow":["GET"]}}],"collection":[{"href":"https:\/\/formalprision.com\/index.php?rest_route=\/wp\/v2\/posts"}],"about":[{"href":"https:\/\/formalprision.com\/index.php?rest_route=\/wp\/v2\/types\/post"}],"author":[{"embeddable":true,"href":"https:\/\/formalprision.com\/index.php?rest_route=\/wp\/v2\/users\/2"}],"replies":[{"embeddable":true,"href":"https:\/\/formalprision.com\/index.php?rest_route=%2Fwp%2Fv2%2Fcomments&post=138919"}],"version-history":[{"count":1,"href":"https:\/\/formalprision.com\/index.php?rest_route=\/wp\/v2\/posts\/138919\/revisions"}],"predecessor-version":[{"id":138920,"href":"https:\/\/formalprision.com\/index.php?rest_route=\/wp\/v2\/posts\/138919\/revisions\/138920"}],"wp:featuredmedia":[{"embeddable":true,"href":"https:\/\/formalprision.com\/index.php?rest_route=\/wp\/v2\/media\/138921"}],"wp:attachment":[{"href":"https:\/\/formalprision.com\/index.php?rest_route=%2Fwp%2Fv2%2Fmedia&parent=138919"}],"wp:term":[{"taxonomy":"category","embeddable":true,"href":"https:\/\/formalprision.com\/index.php?rest_route=%2Fwp%2Fv2%2Fcategories&post=138919"},{"taxonomy":"post_tag","embeddable":true,"href":"https:\/\/formalprision.com\/index.php?rest_route=%2Fwp%2Fv2%2Ftags&post=138919"}],"curies":[{"name":"wp","href":"https:\/\/api.w.org\/{rel}","templated":true}]}}