{"id":138922,"date":"2026-03-07T23:32:23","date_gmt":"2026-03-08T04:32:23","guid":{"rendered":"https:\/\/formalprision.com\/?p=138922"},"modified":"2026-03-10T01:20:47","modified_gmt":"2026-03-10T06:20:47","slug":"osos-polares-se-ponen-mas-gordos-por-el-aumento-de-temperatura-en-el-artico","status":"publish","type":"post","link":"https:\/\/formalprision.com\/?p=138922","title":{"rendered":"Osos polares se ponen m\u00e1s gordos por el aumento de temperatura en el \u00c1rtico"},"content":{"rendered":"\n<p>Una investigaci\u00f3n en Scientific Reports revela que las poblaciones de osos polares del archipi\u00e9lago de Svalbard (Noruega), afectada por el deshielo debido al calentamiento global en el \u00c1rtico, subieron de peso en los \u00faltimos 20 a\u00f1os.<\/p>\n\n\n\n<p>Los osos son m\u00e1s robustos porque consumen con mayor frecuencia presas como renos y morsas, cuyas poblaciones se han recuperado, y focas anilladas, que ahora se concentran en \u00e1reas de hielo m\u00e1s peque\u00f1as, facilitando su caza.<\/p>\n\n\n\n<p>\u201cNo se trata realmente de un comportamiento nuevo para los osos, pero estamos viendo m\u00e1s informes de osos polares que matan renos\u201d, declar\u00f3 el coautor Andrew Derocher al medio especializado IFLScience.<\/p>\n\n\n\n<p>Si uno de estos mam\u00edferos carn\u00edvoros descubre que puede atrapar renos, \u201cvolver\u00e1 al lugar donde tuvo \u00e9xito en el pasado y seguir\u00e1 intentando cazarlos\u201d, se\u00f1al\u00f3.<\/p>\n\n\n\n<p>Grasa corporal<\/p>\n\n\n\n<p>Los investigadores analizaron el \u00edndice de condici\u00f3n corporal (BCI) de 770 osos adultos entre 1995 y 2019.<\/p>\n\n\n\n<p>En sus hallazgos, el BCI disminuy\u00f3 hasta el a\u00f1o 2000, pero comenz\u00f3 a aumentar en las d\u00e9cadas siguientes, incluso durante el per\u00edodo de mayor p\u00e9rdida de hielo marino.<\/p>\n\n\n\n<p>En 2004, la poblaci\u00f3n de osos polares del mar de Barents fue estimada entre 1900 y 3600 individuos, con posibilidad de crecimiento posterior.<\/p>\n\n\n\n<p>Un caso excepcional<\/p>\n\n\n\n<p>Los resultados de la reciente investigaci\u00f3n no se deben extrapolar a otras regiones del \u00c1rtico.<\/p>\n\n\n\n<p>Para Sarah Cubaynes, investigadora del centro franc\u00e9s CEFE y que no particip\u00f3 en el \u00faltimo estudio, los hallazgos \u201cpueden parecer sorprendentes porque contradicen los resultados de estudios realizados en otras poblaciones de osos polares\u201d.<\/p>\n","protected":false},"excerpt":{"rendered":"<p>Una investigaci\u00f3n en Scientific Reports revela que las poblaciones de osos polares del archipi\u00e9lago de Svalbard (Noruega), afectada por el deshielo debido al calentamiento global en el \u00c1rtico, subieron de<\/p>\n","protected":false},"author":2,"featured_media":138925,"comment_status":"open","ping_status":"open","sticky":false,"template":"","format":"standard","meta":{"jetpack_post_was_ever_published":false,"_jetpack_newsletter_access":"","_jetpack_dont_email_post_to_subs":false,"_jetpack_newsletter_tier_id":0,"_jetpack_memberships_contains_paywalled_content":false,"_jetpack_memberships_contains_paid_content":false,"footnotes":"","jetpack_publicize_message":"","jetpack_publicize_feature_enabled":true,"jetpack_social_post_already_shared":true,"jetpack_social_options":{"image_generator_settings":{"template":"highway","default_image_id":0,"font":"","enabled":false},"version":2}},"categories":[23],"tags":[],"class_list":["post-138922","post","type-post","status-publish","format-standard","has-post-thumbnail","hentry","category-del-mundo"],"jetpack_publicize_connections":[],"jetpack_featured_media_url":"https:\/\/formalprision.com\/wp-content\/uploads\/2026\/03\/ordos.jpg","jetpack_sharing_enabled":true,"jetpack_shortlink":"https:\/\/wp.me\/p6id8p-A8G","_links":{"self":[{"href":"https:\/\/formalprision.com\/index.php?rest_route=\/wp\/v2\/posts\/138922","targetHints":{"allow":["GET"]}}],"collection":[{"href":"https:\/\/formalprision.com\/index.php?rest_route=\/wp\/v2\/posts"}],"about":[{"href":"https:\/\/formalprision.com\/index.php?rest_route=\/wp\/v2\/types\/post"}],"author":[{"embeddable":true,"href":"https:\/\/formalprision.com\/index.php?rest_route=\/wp\/v2\/users\/2"}],"replies":[{"embeddable":true,"href":"https:\/\/formalprision.com\/index.php?rest_route=%2Fwp%2Fv2%2Fcomments&post=138922"}],"version-history":[{"count":1,"href":"https:\/\/formalprision.com\/index.php?rest_route=\/wp\/v2\/posts\/138922\/revisions"}],"predecessor-version":[{"id":138923,"href":"https:\/\/formalprision.com\/index.php?rest_route=\/wp\/v2\/posts\/138922\/revisions\/138923"}],"wp:featuredmedia":[{"embeddable":true,"href":"https:\/\/formalprision.com\/index.php?rest_route=\/wp\/v2\/media\/138925"}],"wp:attachment":[{"href":"https:\/\/formalprision.com\/index.php?rest_route=%2Fwp%2Fv2%2Fmedia&parent=138922"}],"wp:term":[{"taxonomy":"category","embeddable":true,"href":"https:\/\/formalprision.com\/index.php?rest_route=%2Fwp%2Fv2%2Fcategories&post=138922"},{"taxonomy":"post_tag","embeddable":true,"href":"https:\/\/formalprision.com\/index.php?rest_route=%2Fwp%2Fv2%2Ftags&post=138922"}],"curies":[{"name":"wp","href":"https:\/\/api.w.org\/{rel}","templated":true}]}}