{"id":138926,"date":"2026-03-08T17:59:46","date_gmt":"2026-03-08T22:59:46","guid":{"rendered":"https:\/\/formalprision.com\/?p=138926"},"modified":"2026-03-09T08:44:05","modified_gmt":"2026-03-09T13:44:05","slug":"conmemora-cecilia-patron-el-8m-y-reafirma-el-compromiso-del-ayuntamiento-con-las-mujeres","status":"publish","type":"post","link":"https:\/\/formalprision.com\/?p=138926","title":{"rendered":"Conmemora Cecilia Patr\u00f3n el 8M y reafirma el compromiso del Ayuntamiento con las mujeres"},"content":{"rendered":"\n<p>M\u00c9RIDA, Yucat\u00e1n.- En el marco del D\u00eda Internacional de la Mujer, la presidenta municipal Cecilia Patr\u00f3n Laviada reafirm\u00f3 el compromiso del Ayuntamiento de M\u00e9rida de seguir construyendo una ciudad donde las mujeres vivan con igualdad, libertad y acceso pleno a sus derechos, destacando que la administraci\u00f3n municipal trabaja todos los d\u00edas para acompa\u00f1arlas, escucharlas y fortalecer sus oportunidades de desarrollo.<\/p>\n\n\n\n<p>Durante la conmemoraci\u00f3n del 8 de marzo, la edil subray\u00f3 que esta fecha representa un momento de reflexi\u00f3n y reconocimiento a la lucha hist\u00f3rica de las mujeres por la igualdad, as\u00ed como un llamado a seguir trabajando en conjunto para que ninguna mujer se quede atr\u00e1s.<\/p>\n\n\n\n<p>\u201cEstamos construyendo juntas una M\u00e9rida donde todas puedan ser escuchadas, donde sus historias tengan voz y donde sus sue\u00f1os se realicen. Ese es el compromiso de este Ayuntamiento, ser una aliada permanente de las mujeres\u201d, expres\u00f3 la alcaldesa.<\/p>\n\n\n\n<p>Record\u00f3 que desde el gobierno municipal se impulsa una pol\u00edtica p\u00fablica con visi\u00f3n de mujer, que busca generar condiciones de bienestar, seguridad, salud y desarrollo econ\u00f3mico para las meridanas.<\/p>\n\n\n\n<p>Asimismo garantiz\u00f3 que el Ayuntamiento brindar\u00e1 acompa\u00f1amiento durante las manifestaciones que se realicen en la ciudad, con el objetivo de salvaguardar la integridad de quienes participen y asegurar que se ejerza plenamente el derecho a la libre expresi\u00f3n.<\/p>\n\n\n\n<p>Una de las prioridades de su administraci\u00f3n es escuchar las voces de las mujeres y fortalecer las redes de apoyo que les permitan enfrentar retos personales, familiares o econ\u00f3micos con respaldo institucional.<\/p>\n\n\n\n<p>En ese sentido, record\u00f3 que el Ayuntamiento cuenta con diversos programas y espacios de atenci\u00f3n, como el Instituto de las Mujeres, los centros de atenci\u00f3n integral y los esquemas de capacitaci\u00f3n y financiamiento que impulsan el emprendimiento femenino y la autonom\u00eda econ\u00f3mica.<\/p>\n\n\n\n<p>A trav\u00e9s del podcast \u201cEn M\u00e9rida tienes una aliada\u201d realizado en este d\u00eda, la alcaldesa convers\u00f3 con Lupita, Conchi y Sonia, mujeres que han encontrado apoyo en distintos programas municipales, compartiendo historias de vida que reflejan la fortaleza, resiliencia y capacidad de superaci\u00f3n de las meridanas.<\/p>\n\n\n\n<p>Durante el di\u00e1logo, se escucharon testimonios de mujeres emprendedoras que han accedido a cr\u00e9ditos para fortalecer sus negocios, as\u00ed como historias de quienes encontraron respaldo emocional y acompa\u00f1amiento institucional en momentos dif\u00edciles.<\/p>\n\n\n\n<p>Tambi\u00e9n se destac\u00f3 la importancia del cuidado de la salud, especialmente en la prevenci\u00f3n del c\u00e1ncer de mama, as\u00ed como la atenci\u00f3n integral que el municipio brinda a trav\u00e9s del Centro de Atenci\u00f3n M\u00e9dica de la Mujer y otros servicios enfocados en el bienestar f\u00edsico y emocional.<\/p>\n\n\n\n<p>Para Cecilia Patr\u00f3n, escuchar estas experiencias confirma que cuando las mujeres cuentan con redes de apoyo, informaci\u00f3n y oportunidades, pueden transformar su vida y la de sus familias, reiterando que el Ayuntamiento seguir\u00e1 impulsando pol\u00edticas p\u00fablicas que promuevan la igualdad, el respeto y la participaci\u00f3n de las mujeres en todos los \u00e1mbitos de la sociedad.<\/p>\n\n\n\n<p>Finalmente, hizo un llamado a las meridanas a acercarse a los programas municipales y a continuar construyendo juntas una ciudad m\u00e1s justa e igualitaria, donde cada mujer sepa que no est\u00e1 sola y que en M\u00e9rida siempre tiene una aliada.<\/p>\n","protected":false},"excerpt":{"rendered":"<p>M\u00c9RIDA, Yucat\u00e1n.- En el marco del D\u00eda Internacional de la Mujer, la presidenta municipal Cecilia Patr\u00f3n Laviada reafirm\u00f3 el compromiso del Ayuntamiento de M\u00e9rida de seguir construyendo una ciudad donde<\/p>\n","protected":false},"author":2,"featured_media":138928,"comment_status":"open","ping_status":"open","sticky":false,"template":"","format":"standard","meta":{"jetpack_post_was_ever_published":false,"_jetpack_newsletter_access":"","_jetpack_dont_email_post_to_subs":false,"_jetpack_newsletter_tier_id":0,"_jetpack_memberships_contains_paywalled_content":false,"_jetpack_memberships_contains_paid_content":false,"footnotes":"","jetpack_publicize_message":"","jetpack_publicize_feature_enabled":true,"jetpack_social_post_already_shared":true,"jetpack_social_options":{"image_generator_settings":{"template":"highway","default_image_id":0,"font":"","enabled":false},"version":2}},"categories":[54],"tags":[],"class_list":["post-138926","post","type-post","status-publish","format-standard","has-post-thumbnail","hentry","category-yucatan"],"jetpack_publicize_connections":[],"jetpack_featured_media_url":"https:\/\/formalprision.com\/wp-content\/uploads\/2026\/03\/WhatsApp-Image-2026-03-08-at-4.01.35-PM1.jpeg","jetpack_sharing_enabled":true,"jetpack_shortlink":"https:\/\/wp.me\/p6id8p-A8K","_links":{"self":[{"href":"https:\/\/formalprision.com\/index.php?rest_route=\/wp\/v2\/posts\/138926","targetHints":{"allow":["GET"]}}],"collection":[{"href":"https:\/\/formalprision.com\/index.php?rest_route=\/wp\/v2\/posts"}],"about":[{"href":"https:\/\/formalprision.com\/index.php?rest_route=\/wp\/v2\/types\/post"}],"author":[{"embeddable":true,"href":"https:\/\/formalprision.com\/index.php?rest_route=\/wp\/v2\/users\/2"}],"replies":[{"embeddable":true,"href":"https:\/\/formalprision.com\/index.php?rest_route=%2Fwp%2Fv2%2Fcomments&post=138926"}],"version-history":[{"count":1,"href":"https:\/\/formalprision.com\/index.php?rest_route=\/wp\/v2\/posts\/138926\/revisions"}],"predecessor-version":[{"id":138927,"href":"https:\/\/formalprision.com\/index.php?rest_route=\/wp\/v2\/posts\/138926\/revisions\/138927"}],"wp:featuredmedia":[{"embeddable":true,"href":"https:\/\/formalprision.com\/index.php?rest_route=\/wp\/v2\/media\/138928"}],"wp:attachment":[{"href":"https:\/\/formalprision.com\/index.php?rest_route=%2Fwp%2Fv2%2Fmedia&parent=138926"}],"wp:term":[{"taxonomy":"category","embeddable":true,"href":"https:\/\/formalprision.com\/index.php?rest_route=%2Fwp%2Fv2%2Fcategories&post=138926"},{"taxonomy":"post_tag","embeddable":true,"href":"https:\/\/formalprision.com\/index.php?rest_route=%2Fwp%2Fv2%2Ftags&post=138926"}],"curies":[{"name":"wp","href":"https:\/\/api.w.org\/{rel}","templated":true}]}}